{"id":769887,"date":"2015-01-14T07:45:30","date_gmt":"2015-01-14T06:45:30","guid":{"rendered":"https:\/\/dailynewshungary.com\/de\/schliesungen-von-tesco-shops-aufgrund-von-problemen-des-unternehmens-sagt-wirtschaftsminister-varga\/"},"modified":"2015-01-14T07:45:30","modified_gmt":"2015-01-14T06:45:30","slug":"schliesungen-von-tesco-shops-aufgrund-von-problemen-des-unternehmens-sagt-wirtschaftsminister-varga","status":"publish","type":"post","link":"https:\/\/dailynewshungary.com\/de\/schliesungen-von-tesco-shops-aufgrund-von-problemen-des-unternehmens-sagt-wirtschaftsminister-varga\/","title":{"rendered":"Schlie\u00dfungen von Tesco-Shops aufgrund von Problemen des Unternehmens, sagt Wirtschaftsminister Varga"},"content":{"rendered":"<p><strong>Budapest, 13. Januar (MTI) \u201eDie Probleme von Tesco sind europaweit und nicht auf Ungarn beschr\u00e4nkt, sagte Wirtschaftsminister Mihaly Varga am Dienstag auf einer Pressekonferenz und bestritt, dass die Entscheidung der britischen Supermarktkette, mehrere Gesch\u00e4fte im Land zu schlie\u00dfen, mit der Regierung zusammenh\u00e4ngt.<\/strong><\/p>\n<p><strong><span style=\"color: #ff0000;\">Verwandter Artikel:&nbsp;<\/span><\/strong><br \/>\n<strong><span style=\"color: #ff0000;\"><a href=\"https:\/\/dailynewshungary.com\/de\/tesco-entlasst-mehr-als-500-arbeiter-in-ungarn\/\" target=\"_blank\"><span style=\"color: #ff0000;\">Tesco entl\u00e4sst mehr als 500 Arbeiter in Ungarn<\/span><\/a><\/span><\/strong><\/p>\n<p>Tesco k\u00fcndigte am Montag die Schlie\u00dfung von 13 Gesch\u00e4ften an und erkl\u00e4rte, seine Entscheidung werde die weitere Rentabilit\u00e4t seiner Gesch\u00e4ftst\u00e4tigkeit sicherstellen. K\u00fcrzlich verabschiedete Gesetze, die am 15. M\u00e4rz in Kraft treten, verbieten Einzelh\u00e4ndlern, die in zwei aufeinanderfolgenden Jahren unrentabel sind, ihre Gesch\u00e4ftst\u00e4tigkeit.<\/p>\n<p>Varga sagte, es sei \u201cpeinlich\u201d, wenn ein Unternehmen versuche, die Schuld f\u00fcr sein eigenes Missmanagement auf andere abzuw\u00e4lzen.<\/p>\n<p>Er stellte fest, dass der Einzelhandel im vergangenen Jahr jeden Monat um 5-10 Prozent gewachsen sei, sodass die Marktbedingungen in Ungarn den Schritt von Tesco nicht rechtfertigten, f\u00fcgte er hinzu.<\/p>\n<p>Er wies darauf hin, dass in der Branche 2.000 Stellen unbesetzt seien und die 500 Personen, die Tesco im April entlassen werde, mit Sicherheit neue Arbeitspl\u00e4tze finden w\u00fcrden.<\/p>\n<p>Varga sagte auch, dass nicht einmal die Gewerkschaften Massenentlassungen im Einzelhandel ins Auge gefasst h\u00e4tten.<\/p>\n<p><em>Foto: szeged.hu<\/em><\/p>\n","protected":false},"excerpt":{"rendered":"<p>Budapest, 13. Januar (MTI) \u201eDie Probleme von Tesco sind europaweit und nicht auf Ungarn beschr\u00e4nkt, sagte Wirtschaftsminister Mihaly Varga am Dienstag auf einer Pressekonferenz und bestritt, dass die Entscheidung der britischen Supermarktkette, mehrere Gesch\u00e4fte im Land zu schlie\u00dfen, mit der Regierung zusammenh\u00e4ngt. Verwandter Artikel:&nbsp; Tesco entl\u00e4sst mehr als 500 Arbeiter in Ungarn Tesco k\u00fcndigte am [&hellip;]<\/p>\n","protected":false},"author":2,"featured_media":769888,"comment_status":"open","ping_status":"open","sticky":false,"template":"","format":"standard","meta":{"_acf_changed":false,"_display_image":"","footnotes":""},"categories":[1281],"tags":[1066],"class_list":["post-769887","post","type-post","status-publish","format-standard","has-post-thumbnail","hentry","category-geschaft","tag-hungary"],"blocksy_meta":[],"acf":[],"author_username":"alk","telegram_post":"","public_post_metadata":{"breaking_news":"","important":"","csempe":"","center_tile":"","disable_thumbnail":"","target_lang":"","_featured_image_style":"","telegram_post":"","_xlat_group_id":""},"public_rank_math_data":{"title":"%title% %sep% %sitename%","description":"","focus_keyword":"","canonical_url":"","robots":"","primary_category":"1281","breadcrumb_title":"","facebook_title":"","facebook_description":"","facebook_image":"","facebook_image_id":"","twitter_title":"","twitter_description":"","twitter_image":"","twitter_image_id":"","twitter_card_type":"","twitter_use_facebook":"","advanced_robots":"","pillar_content":"","seo_score":"","contentai_score":"","rich_snippet":""},"_links":{"self":[{"href":"https:\/\/dailynewshungary.com\/de\/wp-json\/wp\/v2\/posts\/769887","targetHints":{"allow":["GET"]}}],"collection":[{"href":"https:\/\/dailynewshungary.com\/de\/wp-json\/wp\/v2\/posts"}],"about":[{"href":"https:\/\/dailynewshungary.com\/de\/wp-json\/wp\/v2\/types\/post"}],"author":[{"embeddable":true,"href":"https:\/\/dailynewshungary.com\/de\/wp-json\/wp\/v2\/users\/2"}],"replies":[{"embeddable":true,"href":"https:\/\/dailynewshungary.com\/de\/wp-json\/wp\/v2\/comments?post=769887"}],"version-history":[{"count":0,"href":"https:\/\/dailynewshungary.com\/de\/wp-json\/wp\/v2\/posts\/769887\/revisions"}],"wp:featuredmedia":[{"embeddable":true,"href":"https:\/\/dailynewshungary.com\/de\/wp-json\/wp\/v2\/media\/769888"}],"wp:attachment":[{"href":"https:\/\/dailynewshungary.com\/de\/wp-json\/wp\/v2\/media?parent=769887"}],"wp:term":[{"taxonomy":"category","embeddable":true,"href":"https:\/\/dailynewshungary.com\/de\/wp-json\/wp\/v2\/categories?post=769887"},{"taxonomy":"post_tag","embeddable":true,"href":"https:\/\/dailynewshungary.com\/de\/wp-json\/wp\/v2\/tags?post=769887"}],"curies":[{"name":"wp","href":"https:\/\/api.w.org\/{rel}","templated":true}]}}