{"id":769893,"date":"2015-01-13T17:59:21","date_gmt":"2015-01-13T16:59:21","guid":{"rendered":"https:\/\/dailynewshungary.com\/de\/jobbik-wirft-der-regierung-doppelzungigkeit-uber-die-freihandelsgesprache-zwischen-der-eu-und-den-usa-vor\/"},"modified":"2015-01-13T17:59:21","modified_gmt":"2015-01-13T16:59:21","slug":"jobbik-wirft-der-regierung-doppelzungigkeit-uber-die-freihandelsgesprache-zwischen-der-eu-und-den-usa-vor","status":"publish","type":"post","link":"https:\/\/dailynewshungary.com\/de\/jobbik-wirft-der-regierung-doppelzungigkeit-uber-die-freihandelsgesprache-zwischen-der-eu-und-den-usa-vor\/","title":{"rendered":"Jobbik wirft der Regierung \u201cDoppelz\u00fcngigkeit\u201d \u00fcber die Freihandelsgespr\u00e4che zwischen der EU und den USA vor"},"content":{"rendered":"<p><strong>Budapest, 13. Januar (MTI) \u201eDie Fidesz-Regierung f\u00fchrt im Zusammenhang mit dem derzeit verhandelten Freihandelsabkommen zwischen der Europ\u00e4ischen Union und den Vereinigten Staaten st\u00e4ndig \u201eDoppelgespr\u00e4che\u201csagte Ungarns radikal-nationalistische Jobbik-Partei am Dienstag.<\/strong><\/p>\n<p>Marton Gyongyosi, der stellvertretende Fraktionsvorsitzende der Partei, sagte auf einer Pressekonferenz, dass es bisher nur negative Erfahrungen mit solchen Abkommen gegeben habe, und er verwies auf den nordamerikanischen Freihandelspakt (NAFTA), der seiner Meinung nach zu \u201esehr schwerwiegenden Folgen\u201cgef\u00fchrt habe wirtschaftliche Verluste\u201d f\u00fcr seine nichtamerikanischen Unterzeichner, w\u00e4hrend US-Multis stattliche Gewinne erzielt hatten.<\/p>\n<p>Er forderte die Regierung auf, klarzustellen, was sie zu den einzelnen Themen denkt und welche Absichten sie verfolgtDie Regierung sollte ihren Standpunkt darlegen und signalisieren, ob die EU auf die Unterst\u00fctzung Ungarns z\u00e4hlen kann oder nicht, f\u00fcgte er hinzu.<\/p>\n<p>Dieses Jahr werde dar\u00fcber entscheiden, ob Europa einen Weg zur Wiedererlangung seiner Souver\u00e4nit\u00e4t beschreite oder wirtschaftlich eine Kolonie der USA werde, sagte der Jobbik-Politiker.<\/p>\n<p>Gyongyosi bestand auch darauf, dass der GVO-freie Status Ungarns auf dem Altar des Abkommens geopfert werden k\u00f6nne.<\/p>\n<p><em>Foto: jobbik.hu<\/em><\/p>\n","protected":false},"excerpt":{"rendered":"<p>Budapest, 13. Januar (MTI) \u201eDie Fidesz-Regierung f\u00fchrt im Zusammenhang mit dem derzeit verhandelten Freihandelsabkommen zwischen der Europ\u00e4ischen Union und den Vereinigten Staaten st\u00e4ndig \u201eDoppelgespr\u00e4che\u201csagte Ungarns radikal-nationalistische Jobbik-Partei am Dienstag. Marton Gyongyosi, der stellvertretende Fraktionsvorsitzende der Partei, sagte auf einer Pressekonferenz, dass es bisher nur negative Erfahrungen mit solchen Abkommen gegeben habe, und er verwies auf [&hellip;]<\/p>\n","protected":false},"author":2,"featured_media":769894,"comment_status":"open","ping_status":"open","sticky":false,"template":"","format":"standard","meta":{"_acf_changed":false,"_display_image":"","footnotes":""},"categories":[1081],"tags":[1091,1632,1157],"class_list":["post-769893","post","type-post","status-publish","format-standard","has-post-thumbnail","hentry","category-politik","tag-fidesz","tag-jobbik","tag-vereinigte-staaten"],"blocksy_meta":[],"acf":[],"author_username":"alk","telegram_post":"","public_post_metadata":{"breaking_news":"","important":"","csempe":"","center_tile":"","disable_thumbnail":"","target_lang":"","_featured_image_style":"","telegram_post":"","_xlat_group_id":""},"public_rank_math_data":{"title":"%title% %sep% %sitename%","description":"","focus_keyword":"","canonical_url":"","robots":"","primary_category":"1081","breadcrumb_title":"","facebook_title":"","facebook_description":"","facebook_image":"","facebook_image_id":"","twitter_title":"","twitter_description":"","twitter_image":"","twitter_image_id":"","twitter_card_type":"","twitter_use_facebook":"","advanced_robots":"","pillar_content":"","seo_score":"","contentai_score":"","rich_snippet":""},"_links":{"self":[{"href":"https:\/\/dailynewshungary.com\/de\/wp-json\/wp\/v2\/posts\/769893","targetHints":{"allow":["GET"]}}],"collection":[{"href":"https:\/\/dailynewshungary.com\/de\/wp-json\/wp\/v2\/posts"}],"about":[{"href":"https:\/\/dailynewshungary.com\/de\/wp-json\/wp\/v2\/types\/post"}],"author":[{"embeddable":true,"href":"https:\/\/dailynewshungary.com\/de\/wp-json\/wp\/v2\/users\/2"}],"replies":[{"embeddable":true,"href":"https:\/\/dailynewshungary.com\/de\/wp-json\/wp\/v2\/comments?post=769893"}],"version-history":[{"count":0,"href":"https:\/\/dailynewshungary.com\/de\/wp-json\/wp\/v2\/posts\/769893\/revisions"}],"wp:featuredmedia":[{"embeddable":true,"href":"https:\/\/dailynewshungary.com\/de\/wp-json\/wp\/v2\/media\/769894"}],"wp:attachment":[{"href":"https:\/\/dailynewshungary.com\/de\/wp-json\/wp\/v2\/media?parent=769893"}],"wp:term":[{"taxonomy":"category","embeddable":true,"href":"https:\/\/dailynewshungary.com\/de\/wp-json\/wp\/v2\/categories?post=769893"},{"taxonomy":"post_tag","embeddable":true,"href":"https:\/\/dailynewshungary.com\/de\/wp-json\/wp\/v2\/tags?post=769893"}],"curies":[{"name":"wp","href":"https:\/\/api.w.org\/{rel}","templated":true}]}}