{"id":769905,"date":"2015-01-12T21:39:10","date_gmt":"2015-01-12T20:39:10","guid":{"rendered":"https:\/\/dailynewshungary.com\/de\/tesco-entlasst-mehr-als-500-arbeiter-in-ungarn\/"},"modified":"2015-01-12T21:39:10","modified_gmt":"2015-01-12T20:39:10","slug":"tesco-entlasst-mehr-als-500-arbeiter-in-ungarn","status":"publish","type":"post","link":"https:\/\/dailynewshungary.com\/de\/tesco-entlasst-mehr-als-500-arbeiter-in-ungarn\/","title":{"rendered":"Tesco entl\u00e4sst mehr als 500 Arbeiter in Ungarn"},"content":{"rendered":"<p><strong>Budapest, 12. Januar (MTI) 6 Die ungarische Einheit der britischen Supermarktkette Tesco wird ab dem 4. Februar mehr als 500 Mitarbeiter in Ungarn entlassen, obwohl einigen Jobs in anderen Gesch\u00e4ften angeboten werden, teilte das Unternehmen MTI am Montag mit und best\u00e4tigte dies a Bericht t\u00e4glich in Magyar Nemzet, dass das Unternehmen 564 Arbeitspl\u00e4tze abbaut.<\/strong><\/p>\n<p>Der Vorstandsvorsitzende von Tesco Global Aruhazak Nigel Jones sagte, das Unternehmen werde den entlassenen Arbeitnehmern eine h\u00f6here Abfindung gew\u00e4hren, als gesetzlich vorgeschrieben sei.<\/p>\n<p>Tesco habe beschlossen, 13 seiner Filialen in Ungarn zu schlie\u00dfen, um die Rentabilit\u00e4t sicherzustellen, sagte Jones.<\/p>\n<p>K\u00fcrzlich verabschiedete Gesetze verbieten Einzelh\u00e4ndlern, die in zwei aufeinanderfolgenden Jahren unrentabel sind, ihre Gesch\u00e4ftst\u00e4tigkeit.<\/p>\n<p>Jones sagte, die meisten Gesch\u00e4fte, die geschlossen werden sollen, seien au\u00dferhalb der Hauptstadt, aber eines sei ein Tesco Express im 8. Bezirk von Budapest.<\/p>\n<p><em>Foto: lajk.hu<\/em><\/p>\n","protected":false},"excerpt":{"rendered":"<p>Budapest, 12. Januar (MTI) 6 Die ungarische Einheit der britischen Supermarktkette Tesco wird ab dem 4. Februar mehr als 500 Mitarbeiter in Ungarn entlassen, obwohl einigen Jobs in anderen Gesch\u00e4ften angeboten werden, teilte das Unternehmen MTI am Montag mit und best\u00e4tigte dies a Bericht t\u00e4glich in Magyar Nemzet, dass das Unternehmen 564 Arbeitspl\u00e4tze abbaut. Der [&hellip;]<\/p>\n","protected":false},"author":2,"featured_media":769906,"comment_status":"open","ping_status":"open","sticky":false,"template":"","format":"standard","meta":{"_acf_changed":false,"_display_image":"","footnotes":""},"categories":[1281],"tags":[1096],"class_list":["post-769905","post","type-post","status-publish","format-standard","has-post-thumbnail","hentry","category-geschaft","tag-arbeitsmarkt"],"blocksy_meta":[],"acf":[],"author_username":"alk","telegram_post":"","public_post_metadata":{"breaking_news":"","important":"","csempe":"","center_tile":"","disable_thumbnail":"","target_lang":"","_featured_image_style":"","telegram_post":"","_xlat_group_id":""},"public_rank_math_data":{"title":"%title% %sep% %sitename%","description":"","focus_keyword":"","canonical_url":"","robots":"","primary_category":"1281","breadcrumb_title":"","facebook_title":"","facebook_description":"","facebook_image":"","facebook_image_id":"","twitter_title":"","twitter_description":"","twitter_image":"","twitter_image_id":"","twitter_card_type":"","twitter_use_facebook":"","advanced_robots":"","pillar_content":"","seo_score":"","contentai_score":"","rich_snippet":""},"_links":{"self":[{"href":"https:\/\/dailynewshungary.com\/de\/wp-json\/wp\/v2\/posts\/769905","targetHints":{"allow":["GET"]}}],"collection":[{"href":"https:\/\/dailynewshungary.com\/de\/wp-json\/wp\/v2\/posts"}],"about":[{"href":"https:\/\/dailynewshungary.com\/de\/wp-json\/wp\/v2\/types\/post"}],"author":[{"embeddable":true,"href":"https:\/\/dailynewshungary.com\/de\/wp-json\/wp\/v2\/users\/2"}],"replies":[{"embeddable":true,"href":"https:\/\/dailynewshungary.com\/de\/wp-json\/wp\/v2\/comments?post=769905"}],"version-history":[{"count":0,"href":"https:\/\/dailynewshungary.com\/de\/wp-json\/wp\/v2\/posts\/769905\/revisions"}],"wp:featuredmedia":[{"embeddable":true,"href":"https:\/\/dailynewshungary.com\/de\/wp-json\/wp\/v2\/media\/769906"}],"wp:attachment":[{"href":"https:\/\/dailynewshungary.com\/de\/wp-json\/wp\/v2\/media?parent=769905"}],"wp:term":[{"taxonomy":"category","embeddable":true,"href":"https:\/\/dailynewshungary.com\/de\/wp-json\/wp\/v2\/categories?post=769905"},{"taxonomy":"post_tag","embeddable":true,"href":"https:\/\/dailynewshungary.com\/de\/wp-json\/wp\/v2\/tags?post=769905"}],"curies":[{"name":"wp","href":"https:\/\/api.w.org\/{rel}","templated":true}]}}