{"id":769915,"date":"2015-01-12T12:00:35","date_gmt":"2015-01-12T11:00:35","guid":{"rendered":"https:\/\/dailynewshungary.com\/de\/rogan-ungarn-normal-fur-das-meiden-von-einwanderung\/"},"modified":"2015-01-12T12:00:35","modified_gmt":"2015-01-12T11:00:35","slug":"rogan-ungarn-normal-fur-das-meiden-von-einwanderung","status":"publish","type":"post","link":"https:\/\/dailynewshungary.com\/de\/rogan-ungarn-normal-fur-das-meiden-von-einwanderung\/","title":{"rendered":"Rogan: Ungarn \u201cnormal\u201d f\u00fcr das Meiden von Einwanderung"},"content":{"rendered":"<p><strong>Budapest, 12. Januar (MTI) \u2013 Es gibt keinen Grund f\u00fcr Ungarn, einen Zustrom von Wirtschaftseinwanderern zu akzeptieren, sagte Antal Rogan, Vorsitzender der Fraktion der Regierungspartei Fidesz, in einem Interview am Montag.<\/strong><\/p>\n<p>Es sei normal, dass Ungarn Ungarin bleiben wolle, sagte Rogan dem \u00f6ffentlich-rechtlichen Fernsehen M1.<\/p>\n<p>Rogan sagte, es gebe arbeitslose Ungarn, und sie h\u00e4tten Vorrang in der Jobwarteschlange.<\/p>\n<p>Ungarn habe kein Interesse daran, \u201cWirtschaftsfl\u00fcchtlinge\u201d mit Traditionen aufzunehmen, die den ungarischen fremd seien, sagte er und f\u00fcgte hinzu, es sei klar, dass in westeurop\u00e4ischen L\u00e4ndern wie dem Vereinigten K\u00f6nigreich, Frankreich und Deutschland \u201cdie Pr\u00e4senz muslimischer Gemeinschaften das Innere der christlichen L\u00e4nder auf den Kopf stellt\u201d.<\/p>\n<p>In einem separaten Interview mit dem Kossuth-Radio sagte Rogan, die Schrecken des Terrorismus seien in Europa zur t\u00e4glichen Realit\u00e4t geworden. Ungarn und die europ\u00e4ischen L\u00e4nder m\u00fcssten ihre Migrations- und Anti-Terror-Politik \u00fcberdenken, f\u00fcgte er hinzu. Die Ma\u00dfnahmen zur Terrorismusbek\u00e4mpfung in den USA dienen als gutes Beispiel, etwa die Art und Weise, wie \u201eBeh\u00f6rden traditionelle Freiheiten umgehen k\u00f6nnen\u201coder Datenschutzrechte bei terroristischen Bedrohungen.<\/p>\n<p>Christliche Kultur ist eine Kultur des Respekts, was bedeutet, sich nicht \u00fcber eine andere Kultur lustig zu machen, sagte Rogan \u201cWenn wir der Kultur des Respekts schaden, hat das immer Konsequenzen\u201d, f\u00fcgte er hinzu.<\/p>\n<p>Das Hauptthema der bevorstehenden Fidesz-Fraktionssitzung am 4-6. Februar werde der sogenannte L\u00e4nderschutz-Aktionsplan sein, sagte erMa\u00dfnahmen, mit denen Ungarn auf Herausforderungen von au\u00dfen entschieden reagieren kann, m\u00fcssen festgelegt werden Sowohl Regierung als auch Parlament m\u00fcssen die entsprechenden Mittel daf\u00fcr haben, sagte er und nannte als Beispiel \u201cwie man ein Verbot f\u00fcr jemanden formuliert\u201d.<\/p>\n<p>\u201cWir m\u00fcssen uns ansehen, wie die Amerikaner das machen\u201d, f\u00fcgte Rogan hinzu.<\/p>\n","protected":false},"excerpt":{"rendered":"<p>Budapest, 12. Januar (MTI) \u2013 Es gibt keinen Grund f\u00fcr Ungarn, einen Zustrom von Wirtschaftseinwanderern zu akzeptieren, sagte Antal Rogan, Vorsitzender der Fraktion der Regierungspartei Fidesz, in einem Interview am Montag. Es sei normal, dass Ungarn Ungarin bleiben wolle, sagte Rogan dem \u00f6ffentlich-rechtlichen Fernsehen M1. Rogan sagte, es gebe arbeitslose Ungarn, und sie h\u00e4tten Vorrang [&hellip;]<\/p>\n","protected":false},"author":2,"featured_media":769916,"comment_status":"open","ping_status":"open","sticky":false,"template":"","format":"standard","meta":{"_acf_changed":false,"_display_image":"","footnotes":""},"categories":[1081],"tags":[1091],"class_list":["post-769915","post","type-post","status-publish","format-standard","has-post-thumbnail","hentry","category-politik","tag-fidesz"],"blocksy_meta":[],"acf":[],"author_username":"alk","telegram_post":"","public_post_metadata":{"breaking_news":"","important":"","csempe":"","center_tile":"","disable_thumbnail":"","target_lang":"","_featured_image_style":"","telegram_post":"","_xlat_group_id":""},"public_rank_math_data":{"title":"%title% %sep% %sitename%","description":"","focus_keyword":"","canonical_url":"","robots":"","primary_category":"1081","breadcrumb_title":"","facebook_title":"","facebook_description":"","facebook_image":"","facebook_image_id":"","twitter_title":"","twitter_description":"","twitter_image":"","twitter_image_id":"","twitter_card_type":"","twitter_use_facebook":"","advanced_robots":"","pillar_content":"","seo_score":"","contentai_score":"","rich_snippet":""},"_links":{"self":[{"href":"https:\/\/dailynewshungary.com\/de\/wp-json\/wp\/v2\/posts\/769915","targetHints":{"allow":["GET"]}}],"collection":[{"href":"https:\/\/dailynewshungary.com\/de\/wp-json\/wp\/v2\/posts"}],"about":[{"href":"https:\/\/dailynewshungary.com\/de\/wp-json\/wp\/v2\/types\/post"}],"author":[{"embeddable":true,"href":"https:\/\/dailynewshungary.com\/de\/wp-json\/wp\/v2\/users\/2"}],"replies":[{"embeddable":true,"href":"https:\/\/dailynewshungary.com\/de\/wp-json\/wp\/v2\/comments?post=769915"}],"version-history":[{"count":0,"href":"https:\/\/dailynewshungary.com\/de\/wp-json\/wp\/v2\/posts\/769915\/revisions"}],"wp:featuredmedia":[{"embeddable":true,"href":"https:\/\/dailynewshungary.com\/de\/wp-json\/wp\/v2\/media\/769916"}],"wp:attachment":[{"href":"https:\/\/dailynewshungary.com\/de\/wp-json\/wp\/v2\/media?parent=769915"}],"wp:term":[{"taxonomy":"category","embeddable":true,"href":"https:\/\/dailynewshungary.com\/de\/wp-json\/wp\/v2\/categories?post=769915"},{"taxonomy":"post_tag","embeddable":true,"href":"https:\/\/dailynewshungary.com\/de\/wp-json\/wp\/v2\/tags?post=769915"}],"curies":[{"name":"wp","href":"https:\/\/api.w.org\/{rel}","templated":true}]}}