{"id":769923,"date":"2015-01-11T20:31:40","date_gmt":"2015-01-11T19:31:40","guid":{"rendered":"https:\/\/dailynewshungary.com\/de\/pm-orban-die-wirtschaftsmigration-muss-gestoppt-werden\/"},"modified":"2015-01-11T20:31:40","modified_gmt":"2015-01-11T19:31:40","slug":"pm-orban-die-wirtschaftsmigration-muss-gestoppt-werden","status":"publish","type":"post","link":"https:\/\/dailynewshungary.com\/de\/pm-orban-die-wirtschaftsmigration-muss-gestoppt-werden\/","title":{"rendered":"PM Orban: Die Wirtschaftsmigration muss gestoppt werden"},"content":{"rendered":"<p><strong>Paris, 11. Januar (MTI) \u2013 Wirtschaftsmigration ist eine schlechte Sache und Ungarn kann Menschen, die ihre Heimat aus wirtschaftlichen Gr\u00fcnden verlassen, keine Zuflucht gew\u00e4hren, sagte Premierminister Viktor Orban am Sonntag.<\/strong><\/p>\n<p>Orban sagte dem \u00f6ffentlich-rechtlichen Fernsehen M1 in Paris nach der Teilnahme an einer Anti-Terror-Kundgebung, dass es nun notwendig sei, offener, aufrichtiger und auf geradlinige Weise \u00fcber Einwanderung und damit verbundene kulturelle Themen zu sprechen Er \u00e4u\u00dferte die Hoffnung, dass eine komponierte und ruhige Analyse der j\u00fcngsten Ereignisse die europ\u00e4ischen Staats- und Regierungschefs und Br\u00fcssel in die Richtung weisen werde, eine strenge Politik einzuf\u00fchren, die die Einwanderung in Europa einschr\u00e4nkt.<\/p>\n<p>\u201cWirtschaftsmigration ist in Europa eine schlechte Sache und man sollte sie nicht f\u00fcr n\u00fctzlich halten, weil sie nur \u00c4rger und Gefahr f\u00fcr die europ\u00e4ischen Menschen mit sich bringt, daher muss die Einwanderung gestoppt werden, das ist die ungarische Position\u201d, sagte er.<\/p>\n<p>Diejenigen, die ihre L\u00e4nder aus politischen Gr\u00fcnden verlassen, um ihr Leben zu retten, \u201csollten bekommen, was geb\u00fchrt, das ist Unterschlupf\u201d aber Ungarn kann Wirtschaftsmigranten keine solche Zuflucht gew\u00e4hren, f\u00fcgte er hinzu.<\/p>\n<p>Orban sagte, dass es im Vergleich zu anderen europ\u00e4ischen L\u00e4ndern in Ungarn nur wenige \u201cMenschen mit einem anderen kulturellen Hintergrund als dem unseren\u201d gebe und diese wenigen sich gr\u00f6\u00dftenteils gut einf\u00fcgen, f\u00fcr ihr eigenes Wohlergehen sorgen, bereit zu arbeiten, mit F\u00e4higkeiten und dem Wunsch, ihren Platz in der ungarischen Gesellschaft zu finden, es gebe kein Problem mit den Minderheiten, die derzeit bei uns leben, und ihre Zahl wachse nicht in einem Tempo, das uns \u201cKopfzerbrechen w\u00fcrde\u201d, sagte Orban.<\/p>\n<p>\u201cGleichzeitig muss klargestellt werden, dass wir nicht zulassen werden, dass zumindest solange ich Premierminister bin und diese Regierung an der Macht ist&#8230; Ungarn wird zum Ziel von Einwanderern,\u201d sagte er.<\/p>\n<p>\u201cWir wollen nicht, dass eine bedeutende Minderheit mit unterschiedlichen kulturellen Merkmalen und Hintergr\u00fcnden unter uns lebt, wir m\u00f6chten, dass Ungarn so bleibt, wie Ungarn ist\u201d, f\u00fcgte er hinzu.<\/p>\n<p>Zu der in Paris abgehaltenen Gedenkveranstaltung sagte er, er habe den Hut vor dem demokratischen Instinkt der Franzosen erhobenFrankreich ist ber\u00fchmt f\u00fcr die h\u00e4rtesten politischen Debatten zwischen Gegnern, doch wenn es \u00c4rger gibt, herrscht nationale Einheit und bedingungslose Solidarit\u00e4tSie kommen zusammen, treten auf, um Macht zu demonstrieren und die franz\u00f6sische Demokratie zu sch\u00fctzenf\u00fcgte er hinzu.<\/p>\n<p><em>Foto: MTI<\/em><\/p>\n","protected":false},"excerpt":{"rendered":"<p>Paris, 11. Januar (MTI) \u2013 Wirtschaftsmigration ist eine schlechte Sache und Ungarn kann Menschen, die ihre Heimat aus wirtschaftlichen Gr\u00fcnden verlassen, keine Zuflucht gew\u00e4hren, sagte Premierminister Viktor Orban am Sonntag. Orban sagte dem \u00f6ffentlich-rechtlichen Fernsehen M1 in Paris nach der Teilnahme an einer Anti-Terror-Kundgebung, dass es nun notwendig sei, offener, aufrichtiger und auf geradlinige Weise [&hellip;]<\/p>\n","protected":false},"author":2,"featured_media":769924,"comment_status":"open","ping_status":"open","sticky":false,"template":"","format":"standard","meta":{"_acf_changed":false,"_display_image":"","footnotes":""},"categories":[1081],"tags":[1249,1128],"class_list":["post-769923","post","type-post","status-publish","format-standard","has-post-thumbnail","hentry","category-politik","tag-frankreich","tag-viktor-orban"],"blocksy_meta":[],"acf":[],"author_username":"alk","telegram_post":"","public_post_metadata":{"breaking_news":"","important":"","csempe":"","center_tile":"","disable_thumbnail":"","target_lang":"","_featured_image_style":"","telegram_post":"","_xlat_group_id":""},"public_rank_math_data":{"title":"%title% %sep% %sitename%","description":"","focus_keyword":"","canonical_url":"","robots":"","primary_category":"1081","breadcrumb_title":"","facebook_title":"","facebook_description":"","facebook_image":"","facebook_image_id":"","twitter_title":"","twitter_description":"","twitter_image":"","twitter_image_id":"","twitter_card_type":"","twitter_use_facebook":"","advanced_robots":"","pillar_content":"","seo_score":"","contentai_score":"","rich_snippet":""},"_links":{"self":[{"href":"https:\/\/dailynewshungary.com\/de\/wp-json\/wp\/v2\/posts\/769923","targetHints":{"allow":["GET"]}}],"collection":[{"href":"https:\/\/dailynewshungary.com\/de\/wp-json\/wp\/v2\/posts"}],"about":[{"href":"https:\/\/dailynewshungary.com\/de\/wp-json\/wp\/v2\/types\/post"}],"author":[{"embeddable":true,"href":"https:\/\/dailynewshungary.com\/de\/wp-json\/wp\/v2\/users\/2"}],"replies":[{"embeddable":true,"href":"https:\/\/dailynewshungary.com\/de\/wp-json\/wp\/v2\/comments?post=769923"}],"version-history":[{"count":0,"href":"https:\/\/dailynewshungary.com\/de\/wp-json\/wp\/v2\/posts\/769923\/revisions"}],"wp:featuredmedia":[{"embeddable":true,"href":"https:\/\/dailynewshungary.com\/de\/wp-json\/wp\/v2\/media\/769924"}],"wp:attachment":[{"href":"https:\/\/dailynewshungary.com\/de\/wp-json\/wp\/v2\/media?parent=769923"}],"wp:term":[{"taxonomy":"category","embeddable":true,"href":"https:\/\/dailynewshungary.com\/de\/wp-json\/wp\/v2\/categories?post=769923"},{"taxonomy":"post_tag","embeddable":true,"href":"https:\/\/dailynewshungary.com\/de\/wp-json\/wp\/v2\/tags?post=769923"}],"curies":[{"name":"wp","href":"https:\/\/api.w.org\/{rel}","templated":true}]}}