{"id":769935,"date":"2015-01-10T22:19:25","date_gmt":"2015-01-10T21:19:25","guid":{"rendered":"https:\/\/dailynewshungary.com\/de\/fidesz-ruft-am-kommenden-mittwoch-zu-koordinierungsgesprachen-zur-terrorismusbekampfung-auf\/"},"modified":"2015-01-10T22:19:25","modified_gmt":"2015-01-10T21:19:25","slug":"fidesz-ruft-am-kommenden-mittwoch-zu-koordinierungsgesprachen-zur-terrorismusbekampfung-auf","status":"publish","type":"post","link":"https:\/\/dailynewshungary.com\/de\/fidesz-ruft-am-kommenden-mittwoch-zu-koordinierungsgesprachen-zur-terrorismusbekampfung-auf\/","title":{"rendered":"Fidesz ruft am kommenden Mittwoch zu Koordinierungsgespr\u00e4chen zur Terrorismusbek\u00e4mpfung auf"},"content":{"rendered":"<p><strong>Budapest, 10. Januar (MTI) \u2013 Der Vorsitzende der Fidesz-Gruppe, Antal Rogan, hat f\u00fcr n\u00e4chsten Mittwoch F\u00fcnf-Parteien-Koordinierungsgespr\u00e4che zur Terrorismusbek\u00e4mpfung einberufen.<\/strong><\/p>\n<p>Die schockierenden und brutalen Angriffe in Frankreich der letzten Tage erfordern einen nationalen Konsens zur Terrorismusbek\u00e4mpfung in Ungarn, sagte Rogan am Samstag in einer Erkl\u00e4rung.<\/p>\n<p>Der sozialistische Oppositionsf\u00fchrer Jozsef Tobias werde an Koordinierungsgespr\u00e4chen \u00fcber Ma\u00dfnahmen zur Terrorismusbek\u00e4mpfung teilnehmen, die von der Regierungspartei Fidesz initiiert wurden, sagte die Sprecherin der Partei zuvor.<\/p>\n<p>Bernadett Budai sagte, die Situation in Ungarn sei v\u00f6llig anders als in Frankreich, aber die Sicherheit des ungarischen Volkes sei \u00e4u\u00dferst wichtig, weshalb die Sozialisten an den Gespr\u00e4chen teilnehmen w\u00fcrden.<\/p>\n<p>LMP werde an den F\u00fcnf-Parteien-Gespr\u00e4chen teilnehmen, sagte Co-Vorsitzender der Gr\u00fcnen, Andras Schiffer, in einer Erkl\u00e4rung. Schiffer sagte, dass die auf Freihandel basierende Globalisierung unter anderem den Terrorismus immer wieder neu schafft. L\u00f6sungen der Polizei dienen nur dazu, das Feuer zu l\u00f6schen, aber eine echte L\u00f6sung liege in der Beseitigung globaler Ungleichgewichte, sagte er.<\/p>\n<p>Der radikale nationalistische Jobbik-F\u00fchrer Gabor Vona hatte zuvor vorgeschlagen, sofort ein Koordinierungsforum zur Terrorismusbek\u00e4mpfung einzurichten.<\/p>\n","protected":false},"excerpt":{"rendered":"<p>Budapest, 10. Januar (MTI) \u2013 Der Vorsitzende der Fidesz-Gruppe, Antal Rogan, hat f\u00fcr n\u00e4chsten Mittwoch F\u00fcnf-Parteien-Koordinierungsgespr\u00e4che zur Terrorismusbek\u00e4mpfung einberufen. Die schockierenden und brutalen Angriffe in Frankreich der letzten Tage erfordern einen nationalen Konsens zur Terrorismusbek\u00e4mpfung in Ungarn, sagte Rogan am Samstag in einer Erkl\u00e4rung. Der sozialistische Oppositionsf\u00fchrer Jozsef Tobias werde an Koordinierungsgespr\u00e4chen \u00fcber Ma\u00dfnahmen zur [&hellip;]<\/p>\n","protected":false},"author":2,"featured_media":769936,"comment_status":"open","ping_status":"open","sticky":false,"template":"","format":"standard","meta":{"_acf_changed":false,"_display_image":"","footnotes":""},"categories":[1081],"tags":[1091,1632,1873,1695],"class_list":["post-769935","post","type-post","status-publish","format-standard","has-post-thumbnail","hentry","category-politik","tag-fidesz","tag-jobbik","tag-lmp","tag-sozialisten"],"blocksy_meta":[],"acf":[],"author_username":"alk","telegram_post":"","public_post_metadata":{"breaking_news":"","important":"","csempe":"","center_tile":"","disable_thumbnail":"","target_lang":"","_featured_image_style":"","telegram_post":"","_xlat_group_id":""},"public_rank_math_data":{"title":"%title% %sep% %sitename%","description":"","focus_keyword":"","canonical_url":"","robots":"","primary_category":"1081","breadcrumb_title":"","facebook_title":"","facebook_description":"","facebook_image":"","facebook_image_id":"","twitter_title":"","twitter_description":"","twitter_image":"","twitter_image_id":"","twitter_card_type":"","twitter_use_facebook":"","advanced_robots":"","pillar_content":"","seo_score":"","contentai_score":"","rich_snippet":""},"_links":{"self":[{"href":"https:\/\/dailynewshungary.com\/de\/wp-json\/wp\/v2\/posts\/769935","targetHints":{"allow":["GET"]}}],"collection":[{"href":"https:\/\/dailynewshungary.com\/de\/wp-json\/wp\/v2\/posts"}],"about":[{"href":"https:\/\/dailynewshungary.com\/de\/wp-json\/wp\/v2\/types\/post"}],"author":[{"embeddable":true,"href":"https:\/\/dailynewshungary.com\/de\/wp-json\/wp\/v2\/users\/2"}],"replies":[{"embeddable":true,"href":"https:\/\/dailynewshungary.com\/de\/wp-json\/wp\/v2\/comments?post=769935"}],"version-history":[{"count":0,"href":"https:\/\/dailynewshungary.com\/de\/wp-json\/wp\/v2\/posts\/769935\/revisions"}],"wp:featuredmedia":[{"embeddable":true,"href":"https:\/\/dailynewshungary.com\/de\/wp-json\/wp\/v2\/media\/769936"}],"wp:attachment":[{"href":"https:\/\/dailynewshungary.com\/de\/wp-json\/wp\/v2\/media?parent=769935"}],"wp:term":[{"taxonomy":"category","embeddable":true,"href":"https:\/\/dailynewshungary.com\/de\/wp-json\/wp\/v2\/categories?post=769935"},{"taxonomy":"post_tag","embeddable":true,"href":"https:\/\/dailynewshungary.com\/de\/wp-json\/wp\/v2\/tags?post=769935"}],"curies":[{"name":"wp","href":"https:\/\/api.w.org\/{rel}","templated":true}]}}