{"id":769959,"date":"2015-01-09T14:01:51","date_gmt":"2015-01-09T13:01:51","guid":{"rendered":"https:\/\/dailynewshungary.com\/de\/orban-haushalt-2015-fur-die-menschen\/"},"modified":"2015-01-09T14:01:51","modified_gmt":"2015-01-09T13:01:51","slug":"orban-haushalt-2015-fur-die-menschen","status":"publish","type":"post","link":"https:\/\/dailynewshungary.com\/de\/orban-haushalt-2015-fur-die-menschen\/","title":{"rendered":"Orban: Haushalt 2015 f\u00fcr die Menschen"},"content":{"rendered":"<p><strong>Budapest, 9. Januar (MTI) \u2013 Der Haushalt 2015 wird \u201cf\u00fcr das Volk\u201d sein und die Regierung wird sich in den n\u00e4chsten drei Jahren auf die Verbesserung der Finanzlage von Lohnfamilien konzentrieren, sagte Premierminister Viktor Orban am Freitag.<\/strong><\/p>\n<p>Der Wert der Renten werde 2015 auf dem Niveau gehalten, sagte er dem \u00f6ffentlich-rechtlichen Kossuth-Radio.<\/p>\n<p>Das neue Mautstra\u00dfensystem befinde sich bis zur dritten Januarwoche auf einer Testfahrt, sagte Orban und forderte Kritiker auf, sich in dieser Zeit zu melden.<\/p>\n<p>Im Rahmen der am 1. Januar eingef\u00fchrten Regelung wird eine Geb\u00fchr f\u00fcr die Nutzung des M0-Rings um Budapest und Verbindungen zu Autobahnen in der N\u00e4he von Gro\u00dfst\u00e4dten erhoben. E-Aufkleber f\u00fcr einzelne Landkreise kosten j\u00e4hrlich 5.000 Forint oder 16 Euro und k\u00f6nnen jetzt als Alternative zu Aufklebern f\u00fcr k\u00fcrzere Zeitr\u00e4ume und dem All-Country-Pass f\u00fcr 42.980 Forint pro Jahr erworben werden.<\/p>\n<p>Orban sagte, am Ende der Probezeit werde die Regierung die Erfahrungen bewerten und zu einem \u201cvern\u00fcnftigen\u201d Ergebnis kommenDas System in seiner endg\u00fcltigen Form k\u00f6nne im Februar an den Start gehen, f\u00fcgte er hinzuDas neue Pay-by-County-System sei gut und genie\u00dfe breite Unterst\u00fctzung, aber es bed\u00fcrfe einiger Anpassungen.<\/p>\n<p>Orban sagte, er strebe an, die politische und wirtschaftliche Zusammenarbeit mit Russland trotz der angespannten Lage am Laufen zu halten, und f\u00fcgte hinzu, dass ein Besuch des russischen Pr\u00e4sidenten Wladimir Putin \u201cfr\u00fcher als sp\u00e4ter\u201d in diesem Jahr stattfinden werde.<\/p>\n<p>Ausstehende Besuche der deutschen Bundeskanzlerin Angela Merkel und Putins bef\u00e4nden sich in \u201cunterschiedlichen Phasen\u201d, sagte erMerkels Besuch habe Termin und Tagesordnung festgelegt, w\u00e4hrend der Besuch Putins nur ohne Entscheidungen \u00fcber den Zeitpunkt und die zu besprechenden Themen geplant sei Er f\u00fcgte hinzu, dass Putins Besuch \u201cfr\u00fcher als sp\u00e4ter zu geschehen scheint\u201d im Jahr 2015.<\/p>\n<p>Orban sagte, der Besuch Merkels sei anders konnotiert, und da er den Kanzler alle zwei Monate in Br\u00fcssel treffe, erscheine dies f\u00fcr die Ungarn \u201cweniger ungew\u00f6hnlich\u201d Er bat die Opposition jedoch, Merkel nicht als \u201cjemand, der Anfragen entgegennimmt\u201d zu behandeln, da dies beleidigend sei.<\/p>\n<p>Die oppositionellen Sozialisten hatten Merkel aufgefordert, bei ihrem Besuch in Ungarn die Stimme der Opposition zu h\u00f6ren.<\/p>\n<p>Orban sagte, Ungarn m\u00fcsse sich \u201cvon Konflikten fernhalten\u201d und ein guter Verb\u00fcndeter in der Europ\u00e4ischen Union und der NATO bleiben, ohne sich \u201cvon den Russen oder den Amerikanern in eine Situation vom Typ eines Kalten Krieges hineinziehen zu lassen\u201d.<\/p>\n<p>Ungarn brauche sichere Beziehungen sowohl zu Deutschland als auch zu Russland, betonte er.<\/p>\n<p>Was die Beziehungen zwischen Ungarn und den USA angeht, sagte Orban \u201csie waren besser, aber jetzt sind sie, was sie sind\u201d Er sagte, die nationale Souver\u00e4nit\u00e4t Ungarns k\u00f6nne nicht in Frage gestellt werden.<\/p>\n<p>In Ungarns Gesundheitsversorgung werde es die Hauptaufgabe sein, die L\u00f6hne f\u00fcr Allgemeinmediziner im Jahr 2015 zu erh\u00f6hen, sagte er.<\/p>\n<p>Orban sagte, die Arbeit der neuen Regierung habe nicht ohne \u201cGlitzer\u201d begonnen, sondern sei ansonsten normal. \u201eIn der Politik wird jetzt ein \u201esch\u00e4rferer\u201d Tonfall verwendet, als Reaktion auf den Zustand der Linken Ungarns, sagte er.\u201c\u201eDies dreht sich alles um ihren Kampf, eine moderne Linke zur Welt zu bringen\u201d, sagte er.<\/p>\n<p><em>Foto: MTI<\/em><\/p>\n","protected":false},"excerpt":{"rendered":"<p>Budapest, 9. Januar (MTI) \u2013 Der Haushalt 2015 wird \u201cf\u00fcr das Volk\u201d sein und die Regierung wird sich in den n\u00e4chsten drei Jahren auf die Verbesserung der Finanzlage von Lohnfamilien konzentrieren, sagte Premierminister Viktor Orban am Freitag. Der Wert der Renten werde 2015 auf dem Niveau gehalten, sagte er dem \u00f6ffentlich-rechtlichen Kossuth-Radio. Das neue Mautstra\u00dfensystem [&hellip;]<\/p>\n","protected":false},"author":2,"featured_media":769960,"comment_status":"open","ping_status":"open","sticky":false,"template":"","format":"standard","meta":{"_acf_changed":false,"_display_image":"","footnotes":""},"categories":[1281],"tags":[1128,1104],"class_list":["post-769959","post","type-post","status-publish","format-standard","has-post-thumbnail","hentry","category-geschaft","tag-viktor-orban","tag-wirtschaft"],"blocksy_meta":[],"acf":[],"author_username":"alk","telegram_post":"","public_post_metadata":{"breaking_news":"","important":"","csempe":"","center_tile":"","disable_thumbnail":"","target_lang":"","_featured_image_style":"","telegram_post":"","_xlat_group_id":""},"public_rank_math_data":{"title":"%title% %sep% %sitename%","description":"","focus_keyword":"","canonical_url":"","robots":"","primary_category":"1281","breadcrumb_title":"","facebook_title":"","facebook_description":"","facebook_image":"","facebook_image_id":"","twitter_title":"","twitter_description":"","twitter_image":"","twitter_image_id":"","twitter_card_type":"","twitter_use_facebook":"","advanced_robots":"","pillar_content":"","seo_score":"","contentai_score":"","rich_snippet":""},"_links":{"self":[{"href":"https:\/\/dailynewshungary.com\/de\/wp-json\/wp\/v2\/posts\/769959","targetHints":{"allow":["GET"]}}],"collection":[{"href":"https:\/\/dailynewshungary.com\/de\/wp-json\/wp\/v2\/posts"}],"about":[{"href":"https:\/\/dailynewshungary.com\/de\/wp-json\/wp\/v2\/types\/post"}],"author":[{"embeddable":true,"href":"https:\/\/dailynewshungary.com\/de\/wp-json\/wp\/v2\/users\/2"}],"replies":[{"embeddable":true,"href":"https:\/\/dailynewshungary.com\/de\/wp-json\/wp\/v2\/comments?post=769959"}],"version-history":[{"count":0,"href":"https:\/\/dailynewshungary.com\/de\/wp-json\/wp\/v2\/posts\/769959\/revisions"}],"wp:featuredmedia":[{"embeddable":true,"href":"https:\/\/dailynewshungary.com\/de\/wp-json\/wp\/v2\/media\/769960"}],"wp:attachment":[{"href":"https:\/\/dailynewshungary.com\/de\/wp-json\/wp\/v2\/media?parent=769959"}],"wp:term":[{"taxonomy":"category","embeddable":true,"href":"https:\/\/dailynewshungary.com\/de\/wp-json\/wp\/v2\/categories?post=769959"},{"taxonomy":"post_tag","embeddable":true,"href":"https:\/\/dailynewshungary.com\/de\/wp-json\/wp\/v2\/tags?post=769959"}],"curies":[{"name":"wp","href":"https:\/\/api.w.org\/{rel}","templated":true}]}}