{"id":769969,"date":"2015-01-08T18:15:44","date_gmt":"2015-01-08T17:15:44","guid":{"rendered":"https:\/\/dailynewshungary.com\/de\/fidesz-erwagt-eine-senkung-der-energiepreise-um-10-prozent-fur-unternehmen\/"},"modified":"2015-01-08T18:15:44","modified_gmt":"2015-01-08T17:15:44","slug":"fidesz-erwagt-eine-senkung-der-energiepreise-um-10-prozent-fur-unternehmen","status":"publish","type":"post","link":"https:\/\/dailynewshungary.com\/de\/fidesz-erwagt-eine-senkung-der-energiepreise-um-10-prozent-fur-unternehmen\/","title":{"rendered":"Fidesz erw\u00e4gt eine Senkung der Energiepreise um 10 Prozent f\u00fcr Unternehmen"},"content":{"rendered":"<p><strong>Budapest, 8. Januar (MTI) \u2013 Die Gr\u00fcndung eines nationalen gemeinn\u00fctzigen Versorgeranbieters in diesem Jahr hebt den Vorhang f\u00fcr eine Senkung der Energierechnungen von Unternehmen, sagte ein Gesetzgeber des Fidesz-Urteils am Donnerstag.<\/strong><\/p>\n<p>Die K\u00fcrzung werde eine Erweiterung des Schemas zur Senkung der Haushaltskostenrechnungen sein, sagte Szilard Nemeth auf einer PressekonferenzEine K\u00fcrzung um rund 10 Prozent sei machbar, sagte er.<\/p>\n<p>\u201cUnternehmen mit Zugang zu billigerer Energie kurbeln die Wirtschaft des Landes an\u201d, f\u00fcgte er hinzu.<\/p>\n<p>Die Haushaltsrechnungen wurden seit Anfang 2013 um \u00fcber 20 Prozent gek\u00fcrzt.<em style=\"line-height: 1.5em;\"><br \/>\n<\/em><\/p>\n","protected":false},"excerpt":{"rendered":"<p>Budapest, 8. Januar (MTI) \u2013 Die Gr\u00fcndung eines nationalen gemeinn\u00fctzigen Versorgeranbieters in diesem Jahr hebt den Vorhang f\u00fcr eine Senkung der Energierechnungen von Unternehmen, sagte ein Gesetzgeber des Fidesz-Urteils am Donnerstag. Die K\u00fcrzung werde eine Erweiterung des Schemas zur Senkung der Haushaltskostenrechnungen sein, sagte Szilard Nemeth auf einer PressekonferenzEine K\u00fcrzung um rund 10 Prozent sei [&hellip;]<\/p>\n","protected":false},"author":2,"featured_media":769970,"comment_status":"open","ping_status":"open","sticky":false,"template":"","format":"standard","meta":{"_acf_changed":false,"_display_image":"","footnotes":""},"categories":[1281],"tags":[1066],"class_list":["post-769969","post","type-post","status-publish","format-standard","has-post-thumbnail","hentry","category-geschaft","tag-hungary"],"blocksy_meta":[],"acf":[],"author_username":"alk","telegram_post":"","public_post_metadata":{"breaking_news":"","important":"","csempe":"","center_tile":"","disable_thumbnail":"","target_lang":"","_featured_image_style":"","telegram_post":"","_xlat_group_id":""},"public_rank_math_data":{"title":"%title% %sep% %sitename%","description":"","focus_keyword":"","canonical_url":"","robots":"","primary_category":"1281","breadcrumb_title":"","facebook_title":"","facebook_description":"","facebook_image":"","facebook_image_id":"","twitter_title":"","twitter_description":"","twitter_image":"","twitter_image_id":"","twitter_card_type":"","twitter_use_facebook":"","advanced_robots":"","pillar_content":"","seo_score":"","contentai_score":"","rich_snippet":""},"_links":{"self":[{"href":"https:\/\/dailynewshungary.com\/de\/wp-json\/wp\/v2\/posts\/769969","targetHints":{"allow":["GET"]}}],"collection":[{"href":"https:\/\/dailynewshungary.com\/de\/wp-json\/wp\/v2\/posts"}],"about":[{"href":"https:\/\/dailynewshungary.com\/de\/wp-json\/wp\/v2\/types\/post"}],"author":[{"embeddable":true,"href":"https:\/\/dailynewshungary.com\/de\/wp-json\/wp\/v2\/users\/2"}],"replies":[{"embeddable":true,"href":"https:\/\/dailynewshungary.com\/de\/wp-json\/wp\/v2\/comments?post=769969"}],"version-history":[{"count":0,"href":"https:\/\/dailynewshungary.com\/de\/wp-json\/wp\/v2\/posts\/769969\/revisions"}],"wp:featuredmedia":[{"embeddable":true,"href":"https:\/\/dailynewshungary.com\/de\/wp-json\/wp\/v2\/media\/769970"}],"wp:attachment":[{"href":"https:\/\/dailynewshungary.com\/de\/wp-json\/wp\/v2\/media?parent=769969"}],"wp:term":[{"taxonomy":"category","embeddable":true,"href":"https:\/\/dailynewshungary.com\/de\/wp-json\/wp\/v2\/categories?post=769969"},{"taxonomy":"post_tag","embeddable":true,"href":"https:\/\/dailynewshungary.com\/de\/wp-json\/wp\/v2\/tags?post=769969"}],"curies":[{"name":"wp","href":"https:\/\/api.w.org\/{rel}","templated":true}]}}