{"id":770042,"date":"2015-01-03T09:31:38","date_gmt":"2015-01-03T08:31:38","guid":{"rendered":"https:\/\/dailynewshungary.com\/de\/ngos-veranstalten-demonstration-im-opernhaus\/"},"modified":"2015-01-03T09:31:38","modified_gmt":"2015-01-03T08:31:38","slug":"ngos-veranstalten-demonstration-im-opernhaus","status":"publish","type":"post","link":"https:\/\/dailynewshungary.com\/de\/ngos-veranstalten-demonstration-im-opernhaus\/","title":{"rendered":"NGOs veranstalten Demonstration im Opernhaus"},"content":{"rendered":"<p><strong>Budapest (MTI) \u201eA Demonstration f\u00fcr die \u201e\u00c4nderung des allgemeinen Zustands\u201cin Ungarn, die am Freitagabend vom Opernhaus in Budapest begonnen wurde, sagte der lokale Korrespondent von MTI.<\/strong><\/p>\n<p>Die Teilnehmer f\u00fcllten den Andrassy-Boulevard vom Opernhaus bis zur Nagymezo-Stra\u00dfe, sagte der Korrespondent.<\/p>\n<p>Zsolt Varady, ein Aktivist der organisierenden sozialen Interessengruppe NowUs (MostMi), sagte, die Demonstranten lehnten die repr\u00e4sentative Demokratie nicht ab, w\u00fcrden aber die in den letzten 25 Jahren anwesenden politischen Parteien befragen, warum sie es vers\u00e4umt h\u00e4tten, echte Schritte zu unternehmen, um die Gesellschaft in die Bew\u00e4ltigung einzubeziehen der \u00f6ffentlichen Angelegenheiten. Varady sagte, er habe vorerst keine politischen Ambitionen.<\/p>\n<p>Er sagte, Politiker arbeiten heute nicht daran, \u00f6ffentliche Angelegenheiten zu vertreten, sondern arbeiten vielmehr f\u00fcr ihre eigenen Interessen Die Gesellschaft m\u00fcsse zu Bewusstsein erwachen, da \u201ces nicht die Aufgabe des Staates ist, an uns zu denken\u201d Die wichtigste Aufgabe, die vor uns liegt, sei der Aufbau einer selbstbewussten Gesellschaft, sagte Varady.<\/p>\n<p>Bernadette Somody, die Leiterin der Zivilorganisation Eotvos Karoly Institute, sagte, das vor drei Jahren verabschiedete ungarische Grundgesetz besage, dass Ungarn eine Republik sei, aber \u201edas ist nicht so\u201c\u201eWir m\u00fcssen die Republik Ungarn neu schaffen und eine neue Verfassung schaffen\u201d, sagte sie der Versammlung.<\/p>\n<p>Sie sagte, eine Republik k\u00f6nne allen die gr\u00f6\u00dfte Freiheit und Sicherheit bieten und auch die Verfassung \u201cmuss uns allen geh\u00f6ren\u201d Sie dr\u00e4ngte auch auf ein v\u00f6llig transparentes Funktionieren des Staates.<\/p>\n<p>An die Teilnehmer gerichtet, sagten Tessza Udvarhelyi und Zsolt Csizi, zwei Aktivisten, die Regierung habe alles getan, um die soziale Ungleichheit nicht zu verringern, sondern zu vergr\u00f6\u00dfern Udvarhelyi sagte, die Regierung \u201cmuss gehen\u201d und glaubw\u00fcrdige, verantwortungsbewusste linke Politiker seien in Zukunft n\u00f6tig.<\/p>\n<p>Gabor Vago, ein ehemaliger Abgeordneter der oppositionellen LMP-Partei, sagte, das Fidesz-Regime sei \u201czum Scheitern verurteilt\u201d, aber ob dies \u201cmorgen, dieses Jahr, 2018 oder in Jahrzehnten passieren w\u00fcrde\u201d, h\u00e4nge von bewussten B\u00fcrgern ab. Er sagte, es m\u00fcsse eine demokratische europ\u00e4ische Alternative pr\u00e4sentiert werden, und es d\u00fcrfe keine Zeit, Energie oder Geld gescheut werden, um ein demokratisches, zentristisches Land zu schaffen.<\/p>\n<p>Laszlo Kalman, ein Linguist, sagte, der Staat sollte auf transparente Weise agieren und tiefe Armut beseitigt werden. Er sagte, dass vor 2010 auch keine Regierung mit der Korrektur \u201eschwerwiegender, systemischer Fehler\u201cbeauftragt worden sei, und aus diesem Grund wollten die zivilen Gruppen keine R\u00fcckkehr zu einem Zustand vor 2010 sehen.<\/p>\n<p>Bori Takacs, ein Gr\u00fcnder von MostMi, sagte, die n\u00e4chste Demonstration werde zeitgleich mit einem Besuch der deutschen Bundeskanzlerin Angela Merkel im n\u00e4chsten Monat stattfinden, um den Wunsch zu demonstrieren, zu Europa zu geh\u00f6ren.<\/p>\n<p>Die Demonstration endete gegen 8 Uhr.<\/p>\n<p><em>Foto: MTI<\/em><\/p>\n","protected":false},"excerpt":{"rendered":"<p>Budapest (MTI) \u201eA Demonstration f\u00fcr die \u201e\u00c4nderung des allgemeinen Zustands\u201cin Ungarn, die am Freitagabend vom Opernhaus in Budapest begonnen wurde, sagte der lokale Korrespondent von MTI. Die Teilnehmer f\u00fcllten den Andrassy-Boulevard vom Opernhaus bis zur Nagymezo-Stra\u00dfe, sagte der Korrespondent. Zsolt Varady, ein Aktivist der organisierenden sozialen Interessengruppe NowUs (MostMi), sagte, die Demonstranten lehnten die repr\u00e4sentative [&hellip;]<\/p>\n","protected":false},"author":2,"featured_media":770043,"comment_status":"open","ping_status":"open","sticky":false,"template":"","format":"standard","meta":{"_acf_changed":false,"_display_image":"","footnotes":""},"categories":[1081],"tags":[1266],"class_list":["post-770042","post","type-post","status-publish","format-standard","has-post-thumbnail","hentry","category-politik","tag-demonstration"],"blocksy_meta":[],"acf":[],"author_username":"alk","telegram_post":"","public_post_metadata":{"breaking_news":"","important":"","csempe":"","center_tile":"","disable_thumbnail":"","target_lang":"","_featured_image_style":"","telegram_post":"","_xlat_group_id":""},"public_rank_math_data":{"title":"%title% %sep% %sitename%","description":"","focus_keyword":"","canonical_url":"","robots":"","primary_category":"1081","breadcrumb_title":"","facebook_title":"","facebook_description":"","facebook_image":"","facebook_image_id":"","twitter_title":"","twitter_description":"","twitter_image":"","twitter_image_id":"","twitter_card_type":"","twitter_use_facebook":"","advanced_robots":"","pillar_content":"","seo_score":"","contentai_score":"","rich_snippet":""},"_links":{"self":[{"href":"https:\/\/dailynewshungary.com\/de\/wp-json\/wp\/v2\/posts\/770042","targetHints":{"allow":["GET"]}}],"collection":[{"href":"https:\/\/dailynewshungary.com\/de\/wp-json\/wp\/v2\/posts"}],"about":[{"href":"https:\/\/dailynewshungary.com\/de\/wp-json\/wp\/v2\/types\/post"}],"author":[{"embeddable":true,"href":"https:\/\/dailynewshungary.com\/de\/wp-json\/wp\/v2\/users\/2"}],"replies":[{"embeddable":true,"href":"https:\/\/dailynewshungary.com\/de\/wp-json\/wp\/v2\/comments?post=770042"}],"version-history":[{"count":0,"href":"https:\/\/dailynewshungary.com\/de\/wp-json\/wp\/v2\/posts\/770042\/revisions"}],"wp:featuredmedia":[{"embeddable":true,"href":"https:\/\/dailynewshungary.com\/de\/wp-json\/wp\/v2\/media\/770043"}],"wp:attachment":[{"href":"https:\/\/dailynewshungary.com\/de\/wp-json\/wp\/v2\/media?parent=770042"}],"wp:term":[{"taxonomy":"category","embeddable":true,"href":"https:\/\/dailynewshungary.com\/de\/wp-json\/wp\/v2\/categories?post=770042"},{"taxonomy":"post_tag","embeddable":true,"href":"https:\/\/dailynewshungary.com\/de\/wp-json\/wp\/v2\/tags?post=770042"}],"curies":[{"name":"wp","href":"https:\/\/api.w.org\/{rel}","templated":true}]}}