{"id":770078,"date":"2014-12-31T11:33:56","date_gmt":"2014-12-31T10:33:56","guid":{"rendered":"https:\/\/dailynewshungary.com\/de\/streitkrafte-sollen-eine-vorhersehbarere-karriere-bieten-sagt-stabschef\/"},"modified":"2014-12-31T11:33:56","modified_gmt":"2014-12-31T10:33:56","slug":"streitkrafte-sollen-eine-vorhersehbarere-karriere-bieten-sagt-stabschef","status":"publish","type":"post","link":"https:\/\/dailynewshungary.com\/de\/streitkrafte-sollen-eine-vorhersehbarere-karriere-bieten-sagt-stabschef\/","title":{"rendered":"Streitkr\u00e4fte sollen eine vorhersehbarere Karriere bieten, sagt Stabschef"},"content":{"rendered":"<p><strong>Budapest, 30. Dezember (MTI) \u2013 Die ungarischen Streitkr\u00e4fte werden ab dem n\u00e4chsten Jahr eine vorhersehbarere Karriere und h\u00f6here Geh\u00e4lter anbieten, sagte Tibor Benko, der Stabschef, in einem Interview mit MTI.<\/strong><\/p>\n<p><a href=\"https:\/\/dailynewshungary.com\/wp-content\/uploads\/2014\/12\/Download-372.jpg\" data-pswp-width=\"\" data-pswp-height=\"\" data-cropped=\"true\"><img loading=\"lazy\" decoding=\"async\" class=\"size-medium wp-image-13156 alignright\" alt=\"Herunterladen (37)\" src=\"https:\/\/dailynewshungary.com\/wp-content\/uploads\/2014\/12\/Download-372-200x300.jpg\" width=\"200\" height=\"300\" srcset=\"https:\/\/contentf5.dailynewshungary.com\/wp-content\/uploads\/2014\/12\/Download-372-200x300.jpg 200w, https:\/\/contentf5.dailynewshungary.com\/wp-content\/uploads\/2014\/12\/Download-372.jpg 400w\" sizes=\"auto, (max-width: 200px) 100vw, 200px\"><\/a>Die j\u00fcngsten weltpolitischen Entwicklungen, darunter der Konflikt in der Ukraine und die Ausweitung des Islamischen Staates, haben gezeigt, wie wichtig es ist, dass sich ein Land verteidigen kann Daraus folgt, dass die f\u00fcr die Verteidigung erforderliche Milit\u00e4rtechnologie und die wettbewerbsf\u00e4hige Verg\u00fctung der Soldaten gew\u00e4hrleistet sein sollten, sagte er.<\/p>\n<p>Im zweiten Halbjahr 2015 werden die Geh\u00e4lter in den Streitkr\u00e4ften um durchschnittlich 30 Prozent angehoben, sagte Benko.<\/p>\n<p>Derzeit dienen 720 ungarische Soldaten in Auslandseins\u00e4tzen und weitere 120 seien in Ungarn als Reserve f\u00fcr die EUFOR-Mission in Bosnien und Herzegowina stationiert, sagte er.<\/p>\n<p>Bei der Friedenssicherung r\u00e4umt Ungarn dem Balkan weiterhin Priorit\u00e4t ein und verst\u00e4rkt sein Kontingent in der Kosovo Force (KFOR) in diesem Jahr um 120 Soldaten, sagte der Stabschef.<\/p>\n<p>Ab Januar n\u00e4chsten Jahres werden \u00fcber 100 Ungarn an einer Unterst\u00fctzungs- und Ausbildungsmission in Afghanistan teilnehmen, sagte Benko.<\/p>\n<p>Von September bis Dezember werden ungarische Gripen-D\u00fcsenj\u00e4ger an der \u00dcberwachung des baltischen Luftraums teilnehmen, sagte er.<\/p>\n<p>Im Jahr 2014 waren ungarische Soldaten an Milit\u00e4r\u00fcbungen und Schulungen in Slowenien, der Slowakei, Polen, Litauen, Deutschland und Norwegen beteiligt, sagte Benko und f\u00fcgte hinzu, dass sie auch im Jahr 2015 an mehreren multinationalen Milit\u00e4r\u00fcbungen teilnehmen w\u00fcrden.<\/p>\n<p>Ungarn und seine Streitkr\u00e4fte sollten sich um die F\u00f6rderung gutnachbarschaftlicher Beziehungen zur Ukraine bem\u00fchen. Unter den gegenw\u00e4rtigen Umst\u00e4nden erscheint es jedoch undenkbar, dass die Ukraine in naher Zukunft der NATO beitritt, sagte Ungarns Stabschef.<\/p>\n<p><em>Foto: MTI<\/em><\/p>\n","protected":false},"excerpt":{"rendered":"<p>Budapest, 30. Dezember (MTI) \u2013 Die ungarischen Streitkr\u00e4fte werden ab dem n\u00e4chsten Jahr eine vorhersehbarere Karriere und h\u00f6here Geh\u00e4lter anbieten, sagte Tibor Benko, der Stabschef, in einem Interview mit MTI. Die j\u00fcngsten weltpolitischen Entwicklungen, darunter der Konflikt in der Ukraine und die Ausweitung des Islamischen Staates, haben gezeigt, wie wichtig es ist, dass sich ein [&hellip;]<\/p>\n","protected":false},"author":2,"featured_media":770079,"comment_status":"open","ping_status":"open","sticky":false,"template":"","format":"standard","meta":{"_acf_changed":false,"_display_image":"","footnotes":""},"categories":[1081],"tags":[1203],"class_list":["post-770078","post","type-post","status-publish","format-standard","has-post-thumbnail","hentry","category-politik","tag-armee"],"blocksy_meta":[],"acf":[],"author_username":"alk","telegram_post":"","public_post_metadata":{"breaking_news":"","important":"","csempe":"","center_tile":"","disable_thumbnail":"","target_lang":"","_featured_image_style":"","telegram_post":"","_xlat_group_id":""},"public_rank_math_data":{"title":"%title% %sep% %sitename%","description":"","focus_keyword":"","canonical_url":"","robots":"","primary_category":"1081","breadcrumb_title":"","facebook_title":"","facebook_description":"","facebook_image":"","facebook_image_id":"","twitter_title":"","twitter_description":"","twitter_image":"","twitter_image_id":"","twitter_card_type":"","twitter_use_facebook":"","advanced_robots":"","pillar_content":"","seo_score":"","contentai_score":"","rich_snippet":""},"_links":{"self":[{"href":"https:\/\/dailynewshungary.com\/de\/wp-json\/wp\/v2\/posts\/770078","targetHints":{"allow":["GET"]}}],"collection":[{"href":"https:\/\/dailynewshungary.com\/de\/wp-json\/wp\/v2\/posts"}],"about":[{"href":"https:\/\/dailynewshungary.com\/de\/wp-json\/wp\/v2\/types\/post"}],"author":[{"embeddable":true,"href":"https:\/\/dailynewshungary.com\/de\/wp-json\/wp\/v2\/users\/2"}],"replies":[{"embeddable":true,"href":"https:\/\/dailynewshungary.com\/de\/wp-json\/wp\/v2\/comments?post=770078"}],"version-history":[{"count":0,"href":"https:\/\/dailynewshungary.com\/de\/wp-json\/wp\/v2\/posts\/770078\/revisions"}],"wp:featuredmedia":[{"embeddable":true,"href":"https:\/\/dailynewshungary.com\/de\/wp-json\/wp\/v2\/media\/770079"}],"wp:attachment":[{"href":"https:\/\/dailynewshungary.com\/de\/wp-json\/wp\/v2\/media?parent=770078"}],"wp:term":[{"taxonomy":"category","embeddable":true,"href":"https:\/\/dailynewshungary.com\/de\/wp-json\/wp\/v2\/categories?post=770078"},{"taxonomy":"post_tag","embeddable":true,"href":"https:\/\/dailynewshungary.com\/de\/wp-json\/wp\/v2\/tags?post=770078"}],"curies":[{"name":"wp","href":"https:\/\/api.w.org\/{rel}","templated":true}]}}