{"id":770098,"date":"2014-12-29T17:41:34","date_gmt":"2014-12-29T16:41:34","guid":{"rendered":"https:\/\/dailynewshungary.com\/de\/lmp-fur-ein-okosoziales-europa-sagt-schiffer\/"},"modified":"2014-12-29T17:41:34","modified_gmt":"2014-12-29T16:41:34","slug":"lmp-fur-ein-okosoziales-europa-sagt-schiffer","status":"publish","type":"post","link":"https:\/\/dailynewshungary.com\/de\/lmp-fur-ein-okosoziales-europa-sagt-schiffer\/","title":{"rendered":"LMP f\u00fcr ein \u201c\u00f6kosoziales\u201d Europa, sagt Schiffer"},"content":{"rendered":"<p><strong>Budapest, 29. Dezember (MTI) \u2013 Die oppositionelle LMP-Partei wird bei der Wahl 2018 alleine antreten mit dem Ziel, zur Schaffung eines \u201c\u00f6kosozialen\u201d Europas anstelle eines \u201cFreihandelseuropas\u201d beizutragen, sagte Andras Schiffer, Fraktionschef der Partei.<\/strong><\/p>\n<p>\u201cWir k\u00f6nnen sehen, dass wir in der aktuellen ungarischen politischen Arena keine nat\u00fcrlichen Verb\u00fcndeten haben\u201d, sagte Schiffer am Montag gegen\u00fcber der Tageszeitung Magyar Hirlap und f\u00fcgte hinzu, dass die einzige verbleibende Option darin bestehe, eine eigenst\u00e4ndige Regierungsmacht zu werden. \u201eDies w\u00fcrde ein Wunder erfordern, das dem \u00e4hnelt.\u201c\u201eLMP gewinnt 2010 ein Mandat und feiert 2014 ein Comeback, sagte er der Zeitung.<\/p>\n<p>Es w\u00e4re ein gro\u00dfartiges \u201eWaffengef\u00fchl\u201cFidesz, dem Favoriten bei den Nachwahlen von Veszprem im Februar, den Sieg der Opposition zu zeigen, f\u00fcgte er hinzu.<\/p>\n","protected":false},"excerpt":{"rendered":"<p>Budapest, 29. Dezember (MTI) \u2013 Die oppositionelle LMP-Partei wird bei der Wahl 2018 alleine antreten mit dem Ziel, zur Schaffung eines \u201c\u00f6kosozialen\u201d Europas anstelle eines \u201cFreihandelseuropas\u201d beizutragen, sagte Andras Schiffer, Fraktionschef der Partei. \u201cWir k\u00f6nnen sehen, dass wir in der aktuellen ungarischen politischen Arena keine nat\u00fcrlichen Verb\u00fcndeten haben\u201d, sagte Schiffer am Montag gegen\u00fcber der Tageszeitung [&hellip;]<\/p>\n","protected":false},"author":2,"featured_media":770099,"comment_status":"open","ping_status":"open","sticky":false,"template":"","format":"standard","meta":{"_acf_changed":false,"_display_image":"","footnotes":""},"categories":[1081],"tags":[1873],"class_list":["post-770098","post","type-post","status-publish","format-standard","has-post-thumbnail","hentry","category-politik","tag-lmp"],"blocksy_meta":[],"acf":[],"author_username":"alk","telegram_post":"","public_post_metadata":{"breaking_news":"","important":"","csempe":"","center_tile":"","disable_thumbnail":"","target_lang":"","_featured_image_style":"","telegram_post":"","_xlat_group_id":""},"public_rank_math_data":{"title":"%title% %sep% %sitename%","description":"","focus_keyword":"","canonical_url":"","robots":"","primary_category":"1081","breadcrumb_title":"","facebook_title":"","facebook_description":"","facebook_image":"","facebook_image_id":"","twitter_title":"","twitter_description":"","twitter_image":"","twitter_image_id":"","twitter_card_type":"","twitter_use_facebook":"","advanced_robots":"","pillar_content":"","seo_score":"","contentai_score":"","rich_snippet":""},"_links":{"self":[{"href":"https:\/\/dailynewshungary.com\/de\/wp-json\/wp\/v2\/posts\/770098","targetHints":{"allow":["GET"]}}],"collection":[{"href":"https:\/\/dailynewshungary.com\/de\/wp-json\/wp\/v2\/posts"}],"about":[{"href":"https:\/\/dailynewshungary.com\/de\/wp-json\/wp\/v2\/types\/post"}],"author":[{"embeddable":true,"href":"https:\/\/dailynewshungary.com\/de\/wp-json\/wp\/v2\/users\/2"}],"replies":[{"embeddable":true,"href":"https:\/\/dailynewshungary.com\/de\/wp-json\/wp\/v2\/comments?post=770098"}],"version-history":[{"count":0,"href":"https:\/\/dailynewshungary.com\/de\/wp-json\/wp\/v2\/posts\/770098\/revisions"}],"wp:featuredmedia":[{"embeddable":true,"href":"https:\/\/dailynewshungary.com\/de\/wp-json\/wp\/v2\/media\/770099"}],"wp:attachment":[{"href":"https:\/\/dailynewshungary.com\/de\/wp-json\/wp\/v2\/media?parent=770098"}],"wp:term":[{"taxonomy":"category","embeddable":true,"href":"https:\/\/dailynewshungary.com\/de\/wp-json\/wp\/v2\/categories?post=770098"},{"taxonomy":"post_tag","embeddable":true,"href":"https:\/\/dailynewshungary.com\/de\/wp-json\/wp\/v2\/tags?post=770098"}],"curies":[{"name":"wp","href":"https:\/\/api.w.org\/{rel}","templated":true}]}}