{"id":770102,"date":"2014-12-29T13:37:52","date_gmt":"2014-12-29T12:37:52","guid":{"rendered":"https:\/\/dailynewshungary.com\/de\/rogan-ungarn-schutzplan-fur-anfang-2015-auf-dem-tisch\/"},"modified":"2014-12-29T13:37:52","modified_gmt":"2014-12-29T12:37:52","slug":"rogan-ungarn-schutzplan-fur-anfang-2015-auf-dem-tisch","status":"publish","type":"post","link":"https:\/\/dailynewshungary.com\/de\/rogan-ungarn-schutzplan-fur-anfang-2015-auf-dem-tisch\/","title":{"rendered":"Rogan: Ungarn-Schutzplan f\u00fcr Anfang 2015 auf dem Tisch"},"content":{"rendered":"<p><strong>Budapest, 29. Dezember (MTI) 29. Dezember (Ausarbeitung eines nationalen Aktionsplans zum Schutz Ungarns, eines nationalen Entwicklungskonzepts und eines einheitlichen Plans zur Unterst\u00fctzung von Familien wird auf einer Sitzung der Fidesz-KDNP-Fraktion zu Beginn des n\u00e4chsten Jahres vorgelegt Jahr, sagte der Leiter der Fidesz-Fraktion der Gesetzgeber am Montag.<\/strong><\/p>\n<p>Antal Rogan sagte MTI in einem Interview zum Jahresende, dass der Aktionsplan zum Schutz des Landes eine der gr\u00f6\u00dften bevorstehenden Aufgaben im Jahr 2015 sein werde.<\/p>\n<blockquote>\n<p>\u201cHeute, wo Ungarn von au\u00dfen angegriffen wird, sind Regierung und Parlament etwas ungesch\u00fctzt, um diese Angriffe abzuwehren\u201d, sagte er.<\/p>\n<\/blockquote>\n<p>Ein Beispiel f\u00fcr einen solchen Angriff sei, als in Ungarn eine rassistische Konferenz von ausl\u00e4ndischen B\u00fcrgern organisiert wurde, die die Beh\u00f6rden erst in letzter Minute verhindern konnten. Dar\u00fcber hinaus erh\u00f6hen viele wirtschaftliche Aktivit\u00e4ten in Ungarn nicht das Volksverm\u00f6gen, da Gewinne automatisch das Land verlassen, f\u00fcgte Rogan hinzu. Als Reaktion auf dieses Problem schlug er vor, Gesetze zu erlassen, die Unternehmen f\u00fcr einen gr\u00f6\u00dferen Teil der in Ungarn erzielten Einnahmen besteuern.<\/p>\n<p>Rogan sagte, regierungsfeindliche Demonstrationen in den letzten Monaten seien ein Beispiel f\u00fcr den Einfluss von Gro\u00dfm\u00e4chten oder Wirtschaftsakteuren, die versuchten, durch Organisatoren von Demonstrationen mit \u201eNichtwahlmethoden\u201cDruck auf die ungarische Regierung auszu\u00fcben. Bei diesem Druck von au\u00dfen geht es um die Freihandelsabkommen Gespr\u00e4che zwischen der EU und den USA, ein Plan, der Mitteleuropa nicht aufgezwungen werden sollte, betonte Rogan Er wies darauf hin, dass das ungarische Parlament auf Initiative der oppositionellen LMP-Partei im Februar eine ganzt\u00e4gige Debatte \u00fcber das Handelsabkommen f\u00fchren werde Er sagte, ein schlechtes Handelsabkommen h\u00e4tte \u00e4hnliche Auswirkungen auf Ungarn wie ein schlechter IWF-Kreditvertrag. Das Abkommen hingegen k\u00f6nnte g\u00fcnstig sein, wenn es den Zugang Ungarns zu US-M\u00e4rkten verbessern w\u00fcrde, f\u00fcgte er hinzu.<\/p>\n<p>Rogan sagte, der Aktionsplan k\u00f6nne eine Antwort auf die Einreiseverbotsfrage mit den USA enthalten, diese werde jedoch nicht den gr\u00f6\u00dften Teil ausmachen.<\/p>\n<p>Der Plan zur Familienunterst\u00fctzung werde alle familienorientierten Ma\u00dfnahmen f\u00fcr die n\u00e4chsten drei Jahre umfassen, wie etwa die Verdoppelung der Steuerr\u00fcckerstattung f\u00fcr Zwei-Kind-Familien und die Ausweitung des Angebots an Wohnbauf\u00f6rderungen, sagte er.<\/p>\n<p>Das L\u00e4nderentwicklungskonzept werde die Entwicklungsausgaben im Lichte der Pl\u00e4ne betrachten, 60 Prozent der EU-Mittel im Zeitraum 2014-2020 f\u00fcr wirtschaftliche Ziele auszugeben, um inl\u00e4ndische Produzenten und Lieferanten zu st\u00e4rken, sagte Rogan.<\/p>\n<p>Weitere Themen, die wahrscheinlich auf der Tagesordnung des Treffens stehen, seien die Umwandlung von Fremdw\u00e4hrungskrediten in Forint, Abrechnungen zwischen Banken und Kunden und eine Ausweitung des Programms zur K\u00fcrzung von Stromrechnungen auf die Gr\u00fcndung eines \u00f6ffentlichen Versorgungsanbieters, sagte er. Mit einer Mehrheit in ungarischem Besitz Bankensystem k\u00f6nnten sich ab 2016 M\u00f6glichkeiten f\u00fcr eine neue Art weitreichender Forint-basierter Kredite er\u00f6ffnen, f\u00fcgte er hinzu.<\/p>\n<p>Als Reaktion auf aktuelle Umfragen, die einen Verlust der W\u00e4hlerunterst\u00fctzung f\u00fcr die Regierungsparteien zeigten, sagte Rogan, es sei nach einer Wahl keine \u00dcberraschung. Er f\u00fcgte jedoch hinzu, dass es Ma\u00dfnahmen gebe, die innerhalb der Fraktion eine Debatte ausl\u00f6sten, wie die Internetsteuer und die Autobahnmaut, die h\u00e4tten besser vorbereitet werden k\u00f6nnen Rogan \u00e4u\u00dferte den Wunsch, dass diese Differenzen innerhalb der Parteikan\u00e4le bleiben sollten.<\/p>\n<p><em>Foto: MTI<\/em><\/p>\n","protected":false},"excerpt":{"rendered":"<p>Budapest, 29. Dezember (MTI) 29. Dezember (Ausarbeitung eines nationalen Aktionsplans zum Schutz Ungarns, eines nationalen Entwicklungskonzepts und eines einheitlichen Plans zur Unterst\u00fctzung von Familien wird auf einer Sitzung der Fidesz-KDNP-Fraktion zu Beginn des n\u00e4chsten Jahres vorgelegt Jahr, sagte der Leiter der Fidesz-Fraktion der Gesetzgeber am Montag. Antal Rogan sagte MTI in einem Interview zum Jahresende, [&hellip;]<\/p>\n","protected":false},"author":2,"featured_media":770103,"comment_status":"open","ping_status":"open","sticky":false,"template":"","format":"standard","meta":{"_acf_changed":false,"_display_image":"","footnotes":""},"categories":[1081],"tags":[1091],"class_list":["post-770102","post","type-post","status-publish","format-standard","has-post-thumbnail","hentry","category-politik","tag-fidesz"],"blocksy_meta":[],"acf":[],"author_username":"alk","telegram_post":"","public_post_metadata":{"breaking_news":"","important":"","csempe":"","center_tile":"","disable_thumbnail":"","target_lang":"","_featured_image_style":"","telegram_post":"","_xlat_group_id":""},"public_rank_math_data":{"title":"%title% %sep% %sitename%","description":"","focus_keyword":"","canonical_url":"","robots":"","primary_category":"1081","breadcrumb_title":"","facebook_title":"","facebook_description":"","facebook_image":"","facebook_image_id":"","twitter_title":"","twitter_description":"","twitter_image":"","twitter_image_id":"","twitter_card_type":"","twitter_use_facebook":"","advanced_robots":"","pillar_content":"","seo_score":"","contentai_score":"","rich_snippet":""},"_links":{"self":[{"href":"https:\/\/dailynewshungary.com\/de\/wp-json\/wp\/v2\/posts\/770102","targetHints":{"allow":["GET"]}}],"collection":[{"href":"https:\/\/dailynewshungary.com\/de\/wp-json\/wp\/v2\/posts"}],"about":[{"href":"https:\/\/dailynewshungary.com\/de\/wp-json\/wp\/v2\/types\/post"}],"author":[{"embeddable":true,"href":"https:\/\/dailynewshungary.com\/de\/wp-json\/wp\/v2\/users\/2"}],"replies":[{"embeddable":true,"href":"https:\/\/dailynewshungary.com\/de\/wp-json\/wp\/v2\/comments?post=770102"}],"version-history":[{"count":0,"href":"https:\/\/dailynewshungary.com\/de\/wp-json\/wp\/v2\/posts\/770102\/revisions"}],"wp:featuredmedia":[{"embeddable":true,"href":"https:\/\/dailynewshungary.com\/de\/wp-json\/wp\/v2\/media\/770103"}],"wp:attachment":[{"href":"https:\/\/dailynewshungary.com\/de\/wp-json\/wp\/v2\/media?parent=770102"}],"wp:term":[{"taxonomy":"category","embeddable":true,"href":"https:\/\/dailynewshungary.com\/de\/wp-json\/wp\/v2\/categories?post=770102"},{"taxonomy":"post_tag","embeddable":true,"href":"https:\/\/dailynewshungary.com\/de\/wp-json\/wp\/v2\/tags?post=770102"}],"curies":[{"name":"wp","href":"https:\/\/api.w.org\/{rel}","templated":true}]}}