{"id":770158,"date":"2014-12-24T14:51:55","date_gmt":"2014-12-24T13:51:55","guid":{"rendered":"https:\/\/dailynewshungary.com\/de\/jobbik-2014-misserfolg-fur-ungarn\/"},"modified":"2014-12-24T14:51:55","modified_gmt":"2014-12-24T13:51:55","slug":"jobbik-2014-misserfolg-fur-ungarn","status":"publish","type":"post","link":"https:\/\/dailynewshungary.com\/de\/jobbik-2014-misserfolg-fur-ungarn\/","title":{"rendered":"Jobbik: 2014 Misserfolg f\u00fcr Ungarn"},"content":{"rendered":"<p><strong>Budapest (MTI) \u201eAmb 2014\u201cwar mit seinen drei nationalen Stimmen ein \u201epolitisch anstrengendes\u201d Jahr und die Regierungsparteien haben es vers\u00e4umt, die schwerwiegendsten Probleme des Landes anzugehen, sagte der Vorsitzende der radikal-nationalistischen Jobbik-Partei am Dienstag auf einer Pressekonferenz.<\/strong><\/p>\n<p>Gabor Vona sagte, dass die regierende Fidesz zwar alle drei Wahlen mit einem Erdrutschsieg gewonnen habe, sich aber nun in einer Krise befinde, die \u201eihren Sturz herbeif\u00fchren wird\u201cEr bestand darauf, dass die Parteien der linken Opposition zwar nicht regierungsf\u00e4hig seien, sein Jobbik sie jedoch \u201ein Bezug auf W\u00e4hlerunterst\u00fctzung, Ethik und (politisches) Programm \u00fcberwunden habe\u201d.<\/p>\n<p>Zu den Hauptproblemen des Landes z\u00e4hlte Vona Arbeitslosigkeit, Auswanderung, Wohlfahrtsfragen, Korruption, \u00f6ffentliche Sicherheit sowie Fragen rund um die ungarische Au\u00dfenpolitik. Letzteres, sagte er, k\u00f6nnte im n\u00e4chsten Jahr zu einer Quelle besonders schwerwiegender Probleme werden.<\/p>\n<p><em>Foto: MTI<\/em><\/p>\n","protected":false},"excerpt":{"rendered":"<p>Budapest (MTI) \u201eAmb 2014\u201cwar mit seinen drei nationalen Stimmen ein \u201epolitisch anstrengendes\u201d Jahr und die Regierungsparteien haben es vers\u00e4umt, die schwerwiegendsten Probleme des Landes anzugehen, sagte der Vorsitzende der radikal-nationalistischen Jobbik-Partei am Dienstag auf einer Pressekonferenz. Gabor Vona sagte, dass die regierende Fidesz zwar alle drei Wahlen mit einem Erdrutschsieg gewonnen habe, sich aber nun [&hellip;]<\/p>\n","protected":false},"author":2,"featured_media":770159,"comment_status":"open","ping_status":"open","sticky":false,"template":"","format":"standard","meta":{"_acf_changed":false,"_display_image":"","footnotes":""},"categories":[1081],"tags":[1632],"class_list":["post-770158","post","type-post","status-publish","format-standard","has-post-thumbnail","hentry","category-politik","tag-jobbik"],"blocksy_meta":[],"acf":[],"author_username":"alk","telegram_post":"","public_post_metadata":{"breaking_news":"","important":"","csempe":"","center_tile":"","disable_thumbnail":"","target_lang":"","_featured_image_style":"","telegram_post":"","_xlat_group_id":""},"public_rank_math_data":{"title":"%title% %sep% %sitename%","description":"","focus_keyword":"","canonical_url":"","robots":"","primary_category":"1081","breadcrumb_title":"","facebook_title":"","facebook_description":"","facebook_image":"","facebook_image_id":"","twitter_title":"","twitter_description":"","twitter_image":"","twitter_image_id":"","twitter_card_type":"","twitter_use_facebook":"","advanced_robots":"","pillar_content":"","seo_score":"","contentai_score":"","rich_snippet":""},"_links":{"self":[{"href":"https:\/\/dailynewshungary.com\/de\/wp-json\/wp\/v2\/posts\/770158","targetHints":{"allow":["GET"]}}],"collection":[{"href":"https:\/\/dailynewshungary.com\/de\/wp-json\/wp\/v2\/posts"}],"about":[{"href":"https:\/\/dailynewshungary.com\/de\/wp-json\/wp\/v2\/types\/post"}],"author":[{"embeddable":true,"href":"https:\/\/dailynewshungary.com\/de\/wp-json\/wp\/v2\/users\/2"}],"replies":[{"embeddable":true,"href":"https:\/\/dailynewshungary.com\/de\/wp-json\/wp\/v2\/comments?post=770158"}],"version-history":[{"count":0,"href":"https:\/\/dailynewshungary.com\/de\/wp-json\/wp\/v2\/posts\/770158\/revisions"}],"wp:featuredmedia":[{"embeddable":true,"href":"https:\/\/dailynewshungary.com\/de\/wp-json\/wp\/v2\/media\/770159"}],"wp:attachment":[{"href":"https:\/\/dailynewshungary.com\/de\/wp-json\/wp\/v2\/media?parent=770158"}],"wp:term":[{"taxonomy":"category","embeddable":true,"href":"https:\/\/dailynewshungary.com\/de\/wp-json\/wp\/v2\/categories?post=770158"},{"taxonomy":"post_tag","embeddable":true,"href":"https:\/\/dailynewshungary.com\/de\/wp-json\/wp\/v2\/tags?post=770158"}],"curies":[{"name":"wp","href":"https:\/\/api.w.org\/{rel}","templated":true}]}}