{"id":770162,"date":"2014-12-24T12:56:49","date_gmt":"2014-12-24T11:56:49","guid":{"rendered":"https:\/\/dailynewshungary.com\/de\/das-parlament-andert-die-verordnung-zum-bau-von-einkaufszentren\/"},"modified":"2014-12-24T12:56:49","modified_gmt":"2014-12-24T11:56:49","slug":"das-parlament-andert-die-verordnung-zum-bau-von-einkaufszentren","status":"publish","type":"post","link":"https:\/\/dailynewshungary.com\/de\/das-parlament-andert-die-verordnung-zum-bau-von-einkaufszentren\/","title":{"rendered":"Das Parlament \u00e4ndert die Verordnung zum Bau von Einkaufszentren"},"content":{"rendered":"<p><strong>Budapest (MTI) \u2013 Der Gesetzgeber hat am Dienstag zum zweiten Mal ein Gesetz zum Bau von Einkaufszentren als Reaktion auf die Bedenken von Pr\u00e4sident Janos Ader ge\u00e4ndert.<\/strong><\/p>\n<p>Das ge\u00e4nderte Gesetz zum Schutz der Umwelt wurde mit 119 Stimmen bei 35 Gegenstimmen und 18 Enthaltungen angenommen. Es wurde urspr\u00fcnglich am 9. Dezember angenommen, aber Ader gab es am 19. Dezember zur erneuten Pr\u00fcfung an das Parlament zur\u00fcck.<\/p>\n<p>Das Verbot des Baus von Einkaufszentren wurde im Januar 2012 eingef\u00fchrt und sollte Anfang 2015 auslaufen, aber das Parlament verl\u00e4ngerte das Verbot am 9. Dezember. Dar\u00fcber hinaus sah die \u00c4nderung vor, dass f\u00fcr den Bau oder die Erweiterung eine Sondergenehmigung erforderlich sei von Gesch\u00e4ften mit einer Fl\u00e4che von mehr als 400 Quadratmetern, gegen\u00fcber 300 Quadratmetern im urspr\u00fcnglichen Gesetz.<\/p>\n<p>Die erste \u00c4nderung des Gesetzes zum Schutz der bebauten Umwelt regelte den Bau von Einkaufszentren und verlangte, dass der Bau von Einzelhandelsfl\u00e4chen mit einer Gr\u00f6\u00dfe von mehr als 400 qm von einem Sonderausschuss ger\u00e4umt werden muss. Als Reaktion auf die von Ader ge\u00e4u\u00dferten Bedenken \u00e4nderte das Parlament die Einzelheiten der Verordnung f\u00fcr den Erwerb dieser Lizenz entsprechend einer Empfehlung des Legislativausschusses.<\/p>\n<p>Ader sagte, die \u00c4nderung versto\u00dfe gegen den Grundsatz der Europ\u00e4ischen Union, der Beschr\u00e4nkungen der Freiz\u00fcgigkeit von B\u00fcrgern von Mitgliedstaaten in einen anderen Mitgliedstaat verbietet. Er wies darauf hin, dass die Regelung auch f\u00fcr die wirtschaftliche T\u00e4tigkeit von Unternehmen gelte. EU-Vorschriften verlangen auch die Gleichbehandlung von Unternehmen aus einem EU-Mitgliedstaat, die in einem anderen Mitgliedstaat Gesch\u00e4fte t\u00e4tigen, f\u00fcgte er hinzu.<\/p>\n<p>Ader sagte, der Europ\u00e4ische Gerichtshof habe den Standpunkt vertreten, dass die Gleichbehandlungsregel sowohl verschleierte als auch offensichtliche Formen der Diskriminierung verbietet.<\/p>\n<p>Die zweite \u00c4nderung, die nach Aders Bedenken verabschiedet wurde, stand im Zusammenhang mit einem Gesetz, das den Verkauf von schnelldrehenden Konsumg\u00fctern in gro\u00dfen Gesch\u00e4ften verbietet, die in zwei aufeinanderfolgenden Jahren keinen Gewinn erzielen. Durch die \u00c4nderung wurde die Nettoerl\u00f6sgrenze, f\u00fcr die das Verbot gilt, auf 15 Milliarden Forint von urspr\u00fcnglich 50 Milliarden Forint gesenkt. Eine weitere Gesetzes\u00e4nderung brachte die Frist, bis zu der die neue Regelung ab 2018 f\u00fcr den 1. Januar 2017 gelten w\u00fcrde, n\u00e4her und stellte klar, dass die Einnahmen auf der Grundlage der Ergebnisse der Gesch\u00e4ftsjahre 2015 und 2016 berechnet w\u00fcrden.<\/p>\n<p>Ader schickte die Originalfassung zur\u00fcck und verwies dabei auch auf den Grundsatz der Europ\u00e4ischen Union zur Freiz\u00fcgigkeit der B\u00fcrger. Die am 9. Dezember verabschiedeten Rechtsvorschriften betrafen eindeutig gro\u00dfe Einzelhandelsketten in ausl\u00e4ndischem Besitz. Er wies auch darauf hin, dass klargestellt werden sollte, wie die Compliance-Frist nach Inkrafttreten der Rechtsvorschriften berechnet werden soll.<\/p>\n<p><em>Foto: MTI<\/em><\/p>\n","protected":false},"excerpt":{"rendered":"<p>Budapest (MTI) \u2013 Der Gesetzgeber hat am Dienstag zum zweiten Mal ein Gesetz zum Bau von Einkaufszentren als Reaktion auf die Bedenken von Pr\u00e4sident Janos Ader ge\u00e4ndert. Das ge\u00e4nderte Gesetz zum Schutz der Umwelt wurde mit 119 Stimmen bei 35 Gegenstimmen und 18 Enthaltungen angenommen. Es wurde urspr\u00fcnglich am 9. Dezember angenommen, aber Ader gab [&hellip;]<\/p>\n","protected":false},"author":2,"featured_media":770163,"comment_status":"open","ping_status":"open","sticky":false,"template":"","format":"standard","meta":{"_acf_changed":false,"_display_image":"","footnotes":""},"categories":[1281],"tags":[1066],"class_list":["post-770162","post","type-post","status-publish","format-standard","has-post-thumbnail","hentry","category-geschaft","tag-hungary"],"blocksy_meta":[],"acf":[],"author_username":"alk","telegram_post":"","public_post_metadata":{"breaking_news":"","important":"","csempe":"","center_tile":"","disable_thumbnail":"","target_lang":"","_featured_image_style":"","telegram_post":"","_xlat_group_id":""},"public_rank_math_data":{"title":"%title% %sep% %sitename%","description":"","focus_keyword":"","canonical_url":"","robots":"","primary_category":"1281","breadcrumb_title":"","facebook_title":"","facebook_description":"","facebook_image":"","facebook_image_id":"","twitter_title":"","twitter_description":"","twitter_image":"","twitter_image_id":"","twitter_card_type":"","twitter_use_facebook":"","advanced_robots":"","pillar_content":"","seo_score":"","contentai_score":"","rich_snippet":""},"_links":{"self":[{"href":"https:\/\/dailynewshungary.com\/de\/wp-json\/wp\/v2\/posts\/770162","targetHints":{"allow":["GET"]}}],"collection":[{"href":"https:\/\/dailynewshungary.com\/de\/wp-json\/wp\/v2\/posts"}],"about":[{"href":"https:\/\/dailynewshungary.com\/de\/wp-json\/wp\/v2\/types\/post"}],"author":[{"embeddable":true,"href":"https:\/\/dailynewshungary.com\/de\/wp-json\/wp\/v2\/users\/2"}],"replies":[{"embeddable":true,"href":"https:\/\/dailynewshungary.com\/de\/wp-json\/wp\/v2\/comments?post=770162"}],"version-history":[{"count":0,"href":"https:\/\/dailynewshungary.com\/de\/wp-json\/wp\/v2\/posts\/770162\/revisions"}],"wp:featuredmedia":[{"embeddable":true,"href":"https:\/\/dailynewshungary.com\/de\/wp-json\/wp\/v2\/media\/770163"}],"wp:attachment":[{"href":"https:\/\/dailynewshungary.com\/de\/wp-json\/wp\/v2\/media?parent=770162"}],"wp:term":[{"taxonomy":"category","embeddable":true,"href":"https:\/\/dailynewshungary.com\/de\/wp-json\/wp\/v2\/categories?post=770162"},{"taxonomy":"post_tag","embeddable":true,"href":"https:\/\/dailynewshungary.com\/de\/wp-json\/wp\/v2\/tags?post=770162"}],"curies":[{"name":"wp","href":"https:\/\/api.w.org\/{rel}","templated":true}]}}