{"id":770170,"date":"2014-12-23T20:00:51","date_gmt":"2014-12-23T19:00:51","guid":{"rendered":"https:\/\/dailynewshungary.com\/de\/kover-warnt-vor-misstrauen-vorwurfen-innerhalb-der-fidesz\/"},"modified":"2014-12-23T20:00:51","modified_gmt":"2014-12-23T19:00:51","slug":"kover-warnt-vor-misstrauen-vorwurfen-innerhalb-der-fidesz","status":"publish","type":"post","link":"https:\/\/dailynewshungary.com\/de\/kover-warnt-vor-misstrauen-vorwurfen-innerhalb-der-fidesz\/","title":{"rendered":"Kover warnt vor Misstrauen, Vorw\u00fcrfen innerhalb der Fidesz"},"content":{"rendered":"<p><strong>Budapest, (MTI) (Die Kommunikation innerhalb der Regierungspartei Fidesz sollte wieder frei von ungerechtfertigtem Misstrauen und unbegr\u00fcndeten Anschuldigungen sein, sagte der Sprecher des Repr\u00e4sentantenhauses, Laszlo Kover, am Montagabend im Werbespot HirTV.<\/strong><\/p>\n<p><span style=\"color: #ff0000;\"><strong>Verwandter Artikel:&nbsp;<\/strong><\/span><br \/>\n<span style=\"color: #ff0000;\"><strong><a href=\"https:\/\/dailynewshungary.com\/de\/schwere-machtkampfe-in-der-regierungspartei-fidesz\/\" target=\"_blank\"><span style=\"color: #ff0000;\">Schwere Machtk\u00e4mpfe in der Regierungspartei Fidesz&nbsp;<\/span><\/a><\/strong><\/span><\/p>\n<p>Kover, der auch Vorsitzender des Fidesz-Nationalvorstands ist, reagierte auf einen k\u00fcrzlichen Streit zwischen Zoltan Pokorni, einem Gr\u00fcndungsmitglied von Fidesz und B\u00fcrgermeister des Budapester Bezirks 12, und Kabinettschef Janos Lazar.<\/p>\n<p>Als Antwort auf kritische Bemerkungen von Pokorni, die sich auf den \u201czahnhaften\u201d Lebensstil einiger hochrangiger Funktion\u00e4re seiner Partei richteten, sagte Lazar, dass \u201cVeteranen zweimal \u00fcberlegen sollten, bevor sie uns schw\u00e4chen, sonst k\u00f6nnte das zu ihrer eigenen Schw\u00e4chung oder ihrem Ende f\u00fchren\u201d.<\/p>\n<p>Kover sagte, er halte diesen Streit f\u00fcr sinnlos und deutete an, dass solche Konflikte zu Spaltungen innerhalb seiner Partei f\u00fchren k\u00f6nnten.<\/p>\n<p>Der Sprecher des Repr\u00e4sentantenhauses hingegen stimmte Pokornis Kritik zu und bestand darauf, dass seine \u00c4u\u00dferungen die Meinung einiger Mitglieder und Unterst\u00fctzer von Fidesz widerspiegelten.<\/p>\n<p>Zu einem anderen Thema sagte Kover, dass geplante \u00c4nderungen am Stra\u00dfenbenutzungsgeb\u00fchrensystem den meisten Fahrern zugute kommen w\u00fcrden, und \u00e4u\u00dferte seine Unterst\u00fctzung f\u00fcr einen Vorschlag des Budapester B\u00fcrgermeisters, das neue System ein ganzes Jahr lang zu testen, um zu sehen, wie eine Maut f\u00fcr den M0-Ring eingef\u00fchrt werden soll Budapest und Verbindungen zu Autobahnen w\u00fcrden den Verkehr in der Stadt ver\u00e4ndern.<\/p>\n<p>Bez\u00fcglich eines Vorschlags zur Einf\u00fchrung obligatorischer Drogentests f\u00fcr Schulkinder, Politiker und Journalisten sagte Kover, die Idee sei \u201eweder attraktiv noch n\u00fctzlich\u201cEr \u00e4u\u00dferte sich auch f\u00fcr neue Regeln, die die Arbeit an Sonntagen einschr\u00e4nken.<\/p>\n<p>Kover ging auf ein geplantes Freihandelsabkommen zwischen der Europ\u00e4ischen Union und den Vereinigten Staaten ein und sagte, dass \u201edie letzten N\u00e4gel f\u00fcr den Sarg der Unabh\u00e4ngigkeit Europas geschmiedet werden\u201c\u201d.<\/p>\n<p><em>Foto: MTI<\/em><\/p>\n","protected":false},"excerpt":{"rendered":"<p>Budapest, (MTI) (Die Kommunikation innerhalb der Regierungspartei Fidesz sollte wieder frei von ungerechtfertigtem Misstrauen und unbegr\u00fcndeten Anschuldigungen sein, sagte der Sprecher des Repr\u00e4sentantenhauses, Laszlo Kover, am Montagabend im Werbespot HirTV. Verwandter Artikel:&nbsp; Schwere Machtk\u00e4mpfe in der Regierungspartei Fidesz&nbsp; Kover, der auch Vorsitzender des Fidesz-Nationalvorstands ist, reagierte auf einen k\u00fcrzlichen Streit zwischen Zoltan Pokorni, einem Gr\u00fcndungsmitglied [&hellip;]<\/p>\n","protected":false},"author":2,"featured_media":770171,"comment_status":"open","ping_status":"open","sticky":false,"template":"","format":"standard","meta":{"_acf_changed":false,"_display_image":"","footnotes":""},"categories":[1081],"tags":[1091],"class_list":["post-770170","post","type-post","status-publish","format-standard","has-post-thumbnail","hentry","category-politik","tag-fidesz"],"blocksy_meta":[],"acf":[],"author_username":"alk","telegram_post":"","public_post_metadata":{"breaking_news":"","important":"","csempe":"","center_tile":"","disable_thumbnail":"","target_lang":"","_featured_image_style":"","telegram_post":"","_xlat_group_id":""},"public_rank_math_data":{"title":"%title% %sep% %sitename%","description":"","focus_keyword":"","canonical_url":"","robots":"","primary_category":"1081","breadcrumb_title":"","facebook_title":"","facebook_description":"","facebook_image":"","facebook_image_id":"","twitter_title":"","twitter_description":"","twitter_image":"","twitter_image_id":"","twitter_card_type":"","twitter_use_facebook":"","advanced_robots":"","pillar_content":"","seo_score":"","contentai_score":"","rich_snippet":""},"_links":{"self":[{"href":"https:\/\/dailynewshungary.com\/de\/wp-json\/wp\/v2\/posts\/770170","targetHints":{"allow":["GET"]}}],"collection":[{"href":"https:\/\/dailynewshungary.com\/de\/wp-json\/wp\/v2\/posts"}],"about":[{"href":"https:\/\/dailynewshungary.com\/de\/wp-json\/wp\/v2\/types\/post"}],"author":[{"embeddable":true,"href":"https:\/\/dailynewshungary.com\/de\/wp-json\/wp\/v2\/users\/2"}],"replies":[{"embeddable":true,"href":"https:\/\/dailynewshungary.com\/de\/wp-json\/wp\/v2\/comments?post=770170"}],"version-history":[{"count":0,"href":"https:\/\/dailynewshungary.com\/de\/wp-json\/wp\/v2\/posts\/770170\/revisions"}],"wp:featuredmedia":[{"embeddable":true,"href":"https:\/\/dailynewshungary.com\/de\/wp-json\/wp\/v2\/media\/770171"}],"wp:attachment":[{"href":"https:\/\/dailynewshungary.com\/de\/wp-json\/wp\/v2\/media?parent=770170"}],"wp:term":[{"taxonomy":"category","embeddable":true,"href":"https:\/\/dailynewshungary.com\/de\/wp-json\/wp\/v2\/categories?post=770170"},{"taxonomy":"post_tag","embeddable":true,"href":"https:\/\/dailynewshungary.com\/de\/wp-json\/wp\/v2\/tags?post=770170"}],"curies":[{"name":"wp","href":"https:\/\/api.w.org\/{rel}","templated":true}]}}