{"id":770174,"date":"2014-12-23T16:00:06","date_gmt":"2014-12-23T15:00:06","guid":{"rendered":"https:\/\/dailynewshungary.com\/de\/lmp-co-chef-schiffer-kritisiert-regierung-wegen-keiner-strategie\/"},"modified":"2014-12-23T16:00:06","modified_gmt":"2014-12-23T15:00:06","slug":"lmp-co-chef-schiffer-kritisiert-regierung-wegen-keiner-strategie","status":"publish","type":"post","link":"https:\/\/dailynewshungary.com\/de\/lmp-co-chef-schiffer-kritisiert-regierung-wegen-keiner-strategie\/","title":{"rendered":"LMP-Co-Chef Schiffer kritisiert Regierung wegen \u201ekeiner Strategie\u201c"},"content":{"rendered":"<p><strong>Budapest, 23. Dezember (MTI) \u201eDie Regierung scheint \u201ekeinen Plan zu haben, ihre Zweidrittelmehrheit auszunutzen\u201cw\u00e4hrend der Verlust der W\u00e4hlerunterst\u00fctzung durch die Regierungsparteien der gr\u00fcnen LMP zugute kommen k\u00f6nnte, sagte der Co-Vorsitzende der letztgenannten Partei gegen\u00fcber MTI am Dienstag.<\/strong><\/p>\n<p><span style=\"color: #ff0000;\"><strong>Verwandter Artikel:&nbsp;<\/strong><\/span><br \/>\n<span style=\"color: #ff0000;\"><strong><a href=\"https:\/\/dailynewshungary.com\/de\/gabor-vona-jobbik-will-die-regierung-wechseln-aber-ohne-auslandischen-einfluss\/\" target=\"_blank\"><span style=\"color: #ff0000;\">Gabor Vona: Jobbik will die Regierung wechseln, aber ohne ausl\u00e4ndischen Einfluss<\/span><\/a>&nbsp;<\/strong><\/span><br \/>\n<span style=\"color: #ff0000;\"><strong><a href=\"https:\/\/dailynewshungary.com\/de\/harrach-christdem-gesetzentwurf-zum-schutz-vor-familieninsolvenz\/\" target=\"_blank\"><span style=\"color: #ff0000;\">Harrach: ChristDem-Gesetzentwurf zum Schutz vor Familieninsolvenz<\/span><\/a><\/strong><\/span><\/p>\n<p>Bez\u00fcglich einer f\u00fcr Februar angesetzten Nachwahl im westungarischen Veszprem bekr\u00e4ftigte Schiffer, dass seine Partei einen eigenen Kandidaten aufstellen werde, anstatt einen unabh\u00e4ngigen Kandidaten zu unterst\u00fctzen, der von der linken Opposition unterst\u00fctzt werde\u00dcber die Wahl selbst, bei der die Regierungsparteien ihre Supermehrheit im Parlament verlieren k\u00f6nnten, sagte Schiffer, dass ihre Bedeutung \u201cpsychologischer als gesetzgeberischer\u201d seiEin m\u00f6glicher Sieg der Opposition k\u00f6nne \u201cdie Erosion von Fidesz beschleunigen\u201d, f\u00fcgte er hinzu.<\/p>\n<p>Zu einem anderen Thema nannte Schiffer es wichtig, dass die Vereinigten Staaten klarstellen sollten, ob ihre Beh\u00f6rden Ungarn Beweise zu Korruptionsvorw\u00fcrfen mitgeteilt h\u00e4tten, aufgrund derer ungarischen Beamten die Einreise in die USA verboten sei. Es sei ein \u201egrundlegendes nationales Interesse\u201cf\u00fcr die Regierung, den Verdacht auszur\u00e4umen, dass im Zusammenhang mit diesen Vorw\u00fcrfen ein hochrangiger Beamter erpresst werden k\u00f6nnte, f\u00fcgte er hinzu. Er wies auch darauf hin, dass die Bek\u00e4mpfung der Korruption neben der Schaffung von Arbeitspl\u00e4tzen f\u00fcr das Land oberste Priorit\u00e4t habe.<\/p>\n<p>Mit Bezug auf die Au\u00dfenpolitik der Regierung sagte der Politiker, dass die \u201cunverwechselbaren Gesten der Regierung zu Halbdiktaturen im Osten\u201d in einem scharfen Konflikt mit nationalen Interessen st\u00fcnden \u201cDie Regierung ver\u00e4ndert einen Zustand der Abh\u00e4ngigkeit f\u00fcr eine andere Art der Abh\u00e4ngigkeit\u201d, beharrte er.<\/p>\n<p>Schiffer ging auf die Aushandlung eines Freihandelsabkommens mit den USA durch die Europ\u00e4ische Union ein und forderte eine Haltung gegen ein solches Abkommen. Er argumentierte, dass ein solches Abkommen \u201ekatastrophale\u201cFolgen nicht nur f\u00fcr Ungarn, sondern f\u00fcr die gesamte Region mit sich bringen w\u00fcrde.<\/p>\n<p><em>Foto: MTI<\/em><\/p>\n","protected":false},"excerpt":{"rendered":"<p>Budapest, 23. Dezember (MTI) \u201eDie Regierung scheint \u201ekeinen Plan zu haben, ihre Zweidrittelmehrheit auszunutzen\u201cw\u00e4hrend der Verlust der W\u00e4hlerunterst\u00fctzung durch die Regierungsparteien der gr\u00fcnen LMP zugute kommen k\u00f6nnte, sagte der Co-Vorsitzende der letztgenannten Partei gegen\u00fcber MTI am Dienstag. Verwandter Artikel:&nbsp; Gabor Vona: Jobbik will die Regierung wechseln, aber ohne ausl\u00e4ndischen Einfluss&nbsp; Harrach: ChristDem-Gesetzentwurf zum Schutz vor [&hellip;]<\/p>\n","protected":false},"author":2,"featured_media":770175,"comment_status":"open","ping_status":"open","sticky":false,"template":"","format":"standard","meta":{"_acf_changed":false,"_display_image":"","footnotes":""},"categories":[1081],"tags":[1873],"class_list":["post-770174","post","type-post","status-publish","format-standard","has-post-thumbnail","hentry","category-politik","tag-lmp"],"blocksy_meta":[],"acf":[],"author_username":"alk","telegram_post":"","public_post_metadata":{"breaking_news":"","important":"","csempe":"","center_tile":"","disable_thumbnail":"","target_lang":"","_featured_image_style":"","telegram_post":"","_xlat_group_id":""},"public_rank_math_data":{"title":"%title% %sep% %sitename%","description":"","focus_keyword":"","canonical_url":"","robots":"","primary_category":"1081","breadcrumb_title":"","facebook_title":"","facebook_description":"","facebook_image":"","facebook_image_id":"","twitter_title":"","twitter_description":"","twitter_image":"","twitter_image_id":"","twitter_card_type":"","twitter_use_facebook":"","advanced_robots":"","pillar_content":"","seo_score":"","contentai_score":"","rich_snippet":""},"_links":{"self":[{"href":"https:\/\/dailynewshungary.com\/de\/wp-json\/wp\/v2\/posts\/770174","targetHints":{"allow":["GET"]}}],"collection":[{"href":"https:\/\/dailynewshungary.com\/de\/wp-json\/wp\/v2\/posts"}],"about":[{"href":"https:\/\/dailynewshungary.com\/de\/wp-json\/wp\/v2\/types\/post"}],"author":[{"embeddable":true,"href":"https:\/\/dailynewshungary.com\/de\/wp-json\/wp\/v2\/users\/2"}],"replies":[{"embeddable":true,"href":"https:\/\/dailynewshungary.com\/de\/wp-json\/wp\/v2\/comments?post=770174"}],"version-history":[{"count":0,"href":"https:\/\/dailynewshungary.com\/de\/wp-json\/wp\/v2\/posts\/770174\/revisions"}],"wp:featuredmedia":[{"embeddable":true,"href":"https:\/\/dailynewshungary.com\/de\/wp-json\/wp\/v2\/media\/770175"}],"wp:attachment":[{"href":"https:\/\/dailynewshungary.com\/de\/wp-json\/wp\/v2\/media?parent=770174"}],"wp:term":[{"taxonomy":"category","embeddable":true,"href":"https:\/\/dailynewshungary.com\/de\/wp-json\/wp\/v2\/categories?post=770174"},{"taxonomy":"post_tag","embeddable":true,"href":"https:\/\/dailynewshungary.com\/de\/wp-json\/wp\/v2\/tags?post=770174"}],"curies":[{"name":"wp","href":"https:\/\/api.w.org\/{rel}","templated":true}]}}