{"id":770176,"date":"2014-12-23T14:44:32","date_gmt":"2014-12-23T13:44:32","guid":{"rendered":"https:\/\/dailynewshungary.com\/de\/urlaubsfahrplan-der-zuge-in-ungarn\/"},"modified":"2014-12-23T14:44:32","modified_gmt":"2014-12-23T13:44:32","slug":"urlaubsfahrplan-der-zuge-in-ungarn","status":"publish","type":"post","link":"https:\/\/dailynewshungary.com\/de\/urlaubsfahrplan-der-zuge-in-ungarn\/","title":{"rendered":"Urlaubsfahrplan der Z\u00fcge in Ungarn"},"content":{"rendered":"<p><strong>Zwischen dem 23. Dezember und dem 3. Januar funktionieren die Tranine wie gewohnt anders. Hier sind alle \u00c4nderungen, sagt Travelo.hu.<\/strong><\/p>\n<p><span style=\"color: #ff0000;\"><strong>Verwandter Artikel:&nbsp;<\/strong><\/span><br \/>\n<span style=\"color: #ff0000;\"><strong><a href=\"https:\/\/dailynewshungary.com\/de\/offentliche-verkehrsmittel-in-budapest-wahrend-der-ferien-und-am-jahresende\/\" target=\"_blank\" rel=\"noopener\"><span style=\"color: #ff0000;\">\u00d6ffentliche Verkehrsmittel in Budapest w\u00e4hrend der Ferien und am Jahresende<\/span><\/a>&nbsp;<\/strong><\/span><\/p>\n<p>Der Transport der M\u00c1V-START-Z\u00fcge erfolgt nach Weihnachten und Silvester: Zwischen dem 23. Dezember 2014 und dem 3. Januar 2015 verkehren die Z\u00fcge nach einem ge\u00e4nderten Fahrplan, schreibt die Erkl\u00e4rung des Eisenbahnunternehmens.<\/p>\n<h6>Passend zu den Weihnachtsfeiertagen verkehren Z\u00fcge<\/h6>\n<p>Am Dienstag, 23. Dezember laut Freitag, wurde<br \/>\nAm Mittwoch, 24. Dezember laut Samstag,<br \/>\nVom 25. bis 27. Dezember je nach Feiertag<br \/>\nAm Sonntag, 28. Dezember, gem\u00e4\u00df Sonntagsfahrplan.<br \/>\nAn Silvester und zu Beginn des neuen Jahres verkehren die Z\u00fcge<br \/>\nAm Mittwoch, 31. Dezember laut Freitag, wurde<br \/>\nAm Donnerstag, 1. Januar laut Samstag, wird<br \/>\nVom 2. bis 3. Januar je nach Feiertag<br \/>\nAm Sonntag, 4. Januar laut Sonntag, wird<br \/>\nAb Montag, 5. Januar \u2013 der erste Schultag nach dem Winterurlaub \u2013 nach dem \u00fcblichen Zeitplan, sagt Travelo.hu.<\/p>\n<p><strong>\u00dcber den ge\u00e4nderten Fahrplan k\u00f6nnen Sie auf der www.mav-start.hu-Website und auf der M\u00c1VDIREKT-Telefonleitung unter der Nummer 06 (40) 49-49-49 informiert werden, sagt Travelo.hu.<\/strong><\/p>\n<p><em>Basierend auf dem Artikel von Travelo.hu<\/em><br \/>\n<em>\u00dcbersetzt von B.A<\/em><\/p>\n<p><em>Foto: www.bevezetem.hu<\/em><\/p>\n","protected":false},"excerpt":{"rendered":"<p>Zwischen dem 23. Dezember und dem 3. Januar funktionieren die Tranine wie gewohnt anders. Hier sind alle \u00c4nderungen, sagt Travelo.hu. Verwandter Artikel:&nbsp; \u00d6ffentliche Verkehrsmittel in Budapest w\u00e4hrend der Ferien und am Jahresende&nbsp; Der Transport der M\u00c1V-START-Z\u00fcge erfolgt nach Weihnachten und Silvester: Zwischen dem 23. Dezember 2014 und dem 3. Januar 2015 verkehren die Z\u00fcge nach [&hellip;]<\/p>\n","protected":false},"author":2,"featured_media":770177,"comment_status":"open","ping_status":"open","sticky":false,"template":"","format":"standard","meta":{"_acf_changed":false,"_display_image":"","footnotes":""},"categories":[1098],"tags":[1297],"class_list":["post-770176","post","type-post","status-publish","format-standard","has-post-thumbnail","hentry","category-gesellschaft","tag-transport"],"blocksy_meta":[],"acf":[],"author_username":"alk","telegram_post":"","public_post_metadata":{"breaking_news":"","important":"","csempe":"","center_tile":"","disable_thumbnail":"","target_lang":"","_featured_image_style":"","telegram_post":"","_xlat_group_id":""},"public_rank_math_data":{"title":"%title% %sep% %sitename%","description":"","focus_keyword":"","canonical_url":"","robots":"","primary_category":"1098","breadcrumb_title":"","facebook_title":"","facebook_description":"","facebook_image":"","facebook_image_id":"","twitter_title":"","twitter_description":"","twitter_image":"","twitter_image_id":"","twitter_card_type":"","twitter_use_facebook":"","advanced_robots":"","pillar_content":"","seo_score":"","contentai_score":"","rich_snippet":""},"_links":{"self":[{"href":"https:\/\/dailynewshungary.com\/de\/wp-json\/wp\/v2\/posts\/770176","targetHints":{"allow":["GET"]}}],"collection":[{"href":"https:\/\/dailynewshungary.com\/de\/wp-json\/wp\/v2\/posts"}],"about":[{"href":"https:\/\/dailynewshungary.com\/de\/wp-json\/wp\/v2\/types\/post"}],"author":[{"embeddable":true,"href":"https:\/\/dailynewshungary.com\/de\/wp-json\/wp\/v2\/users\/2"}],"replies":[{"embeddable":true,"href":"https:\/\/dailynewshungary.com\/de\/wp-json\/wp\/v2\/comments?post=770176"}],"version-history":[{"count":0,"href":"https:\/\/dailynewshungary.com\/de\/wp-json\/wp\/v2\/posts\/770176\/revisions"}],"wp:featuredmedia":[{"embeddable":true,"href":"https:\/\/dailynewshungary.com\/de\/wp-json\/wp\/v2\/media\/770177"}],"wp:attachment":[{"href":"https:\/\/dailynewshungary.com\/de\/wp-json\/wp\/v2\/media?parent=770176"}],"wp:term":[{"taxonomy":"category","embeddable":true,"href":"https:\/\/dailynewshungary.com\/de\/wp-json\/wp\/v2\/categories?post=770176"},{"taxonomy":"post_tag","embeddable":true,"href":"https:\/\/dailynewshungary.com\/de\/wp-json\/wp\/v2\/tags?post=770176"}],"curies":[{"name":"wp","href":"https:\/\/api.w.org\/{rel}","templated":true}]}}