{"id":770196,"date":"2014-12-22T12:44:55","date_gmt":"2014-12-22T11:44:55","guid":{"rendered":"https:\/\/dailynewshungary.com\/de\/fidesz-unterstutzt-bauverbot-fur-platze\/"},"modified":"2014-12-22T12:44:55","modified_gmt":"2014-12-22T11:44:55","slug":"fidesz-unterstutzt-bauverbot-fur-platze","status":"publish","type":"post","link":"https:\/\/dailynewshungary.com\/de\/fidesz-unterstutzt-bauverbot-fur-platze\/","title":{"rendered":"Fidesz unterst\u00fctzt Bauverbot f\u00fcr Pl\u00e4tze"},"content":{"rendered":"<p><strong>Budapest (MTI) \u201eDas ungarische Verbot neuer Einkaufszentren sollte aufrechterhalten werden, sagte Antal Rogan, Fraktionsvorsitzender des regierenden Fidesz, am Sonntag auf einer Pressekonferenz im Zusammenhang mit einem Gesetz, das Pr\u00e4sident Janos Ader k\u00fcrzlich zur erneuten Pr\u00fcfung ins Parlament zur\u00fcckgebracht hat.<\/strong><\/p>\n<p>Rogan sagte, dass die Abgeordneten seiner Partei die Einw\u00e4nde des Pr\u00e4sidenten ber\u00fccksichtigen w\u00fcrden, f\u00fcgte jedoch hinzu, dass Fidesz \u201cnicht m\u00f6chte, dass der Bau von Einkaufszentren nach dem 1. Januar wieder aufgenommen wird\u201d.<\/p>\n<p>Rogan sagte auch, dass internationale Unternehmen daran gehindert werden sollten, in Ungarn erzielte Gewinne aus dem Land zu ziehen, und forderte Gesetze, um sicherzustellen, dass solche Unternehmen \u00fcber ihre Tochtergesellschaften Steuern in Ungarn und nicht in einem anderen Land zahlen.<\/p>\n<p>Abgeordnete von Fidesz und den verb\u00fcndeten Christdemokraten werden am Dienstag eine von der Opposition initiierte au\u00dferordentliche Sitzung des Parlaments boykottieren, um vorgeschlagene \u00c4nderungen des Stra\u00dfenbenutzungsgeb\u00fchrensystems zu diskutieren, sagte Rogan und nannte die Initiative eine \u201cpolitische Farce\u201d.<\/p>\n","protected":false},"excerpt":{"rendered":"<p>Budapest (MTI) \u201eDas ungarische Verbot neuer Einkaufszentren sollte aufrechterhalten werden, sagte Antal Rogan, Fraktionsvorsitzender des regierenden Fidesz, am Sonntag auf einer Pressekonferenz im Zusammenhang mit einem Gesetz, das Pr\u00e4sident Janos Ader k\u00fcrzlich zur erneuten Pr\u00fcfung ins Parlament zur\u00fcckgebracht hat. Rogan sagte, dass die Abgeordneten seiner Partei die Einw\u00e4nde des Pr\u00e4sidenten ber\u00fccksichtigen w\u00fcrden, f\u00fcgte jedoch hinzu, [&hellip;]<\/p>\n","protected":false},"author":2,"featured_media":770197,"comment_status":"open","ping_status":"open","sticky":false,"template":"","format":"standard","meta":{"_acf_changed":false,"_display_image":"","footnotes":""},"categories":[1281],"tags":[1091],"class_list":["post-770196","post","type-post","status-publish","format-standard","has-post-thumbnail","hentry","category-geschaft","tag-fidesz"],"blocksy_meta":[],"acf":[],"author_username":"alk","telegram_post":"","public_post_metadata":{"breaking_news":"","important":"","csempe":"","center_tile":"","disable_thumbnail":"","target_lang":"","_featured_image_style":"","telegram_post":"","_xlat_group_id":""},"public_rank_math_data":{"title":"%title% %sep% %sitename%","description":"","focus_keyword":"","canonical_url":"","robots":"","primary_category":"1281","breadcrumb_title":"","facebook_title":"","facebook_description":"","facebook_image":"","facebook_image_id":"","twitter_title":"","twitter_description":"","twitter_image":"","twitter_image_id":"","twitter_card_type":"","twitter_use_facebook":"","advanced_robots":"","pillar_content":"","seo_score":"","contentai_score":"","rich_snippet":""},"_links":{"self":[{"href":"https:\/\/dailynewshungary.com\/de\/wp-json\/wp\/v2\/posts\/770196","targetHints":{"allow":["GET"]}}],"collection":[{"href":"https:\/\/dailynewshungary.com\/de\/wp-json\/wp\/v2\/posts"}],"about":[{"href":"https:\/\/dailynewshungary.com\/de\/wp-json\/wp\/v2\/types\/post"}],"author":[{"embeddable":true,"href":"https:\/\/dailynewshungary.com\/de\/wp-json\/wp\/v2\/users\/2"}],"replies":[{"embeddable":true,"href":"https:\/\/dailynewshungary.com\/de\/wp-json\/wp\/v2\/comments?post=770196"}],"version-history":[{"count":0,"href":"https:\/\/dailynewshungary.com\/de\/wp-json\/wp\/v2\/posts\/770196\/revisions"}],"wp:featuredmedia":[{"embeddable":true,"href":"https:\/\/dailynewshungary.com\/de\/wp-json\/wp\/v2\/media\/770197"}],"wp:attachment":[{"href":"https:\/\/dailynewshungary.com\/de\/wp-json\/wp\/v2\/media?parent=770196"}],"wp:term":[{"taxonomy":"category","embeddable":true,"href":"https:\/\/dailynewshungary.com\/de\/wp-json\/wp\/v2\/categories?post=770196"},{"taxonomy":"post_tag","embeddable":true,"href":"https:\/\/dailynewshungary.com\/de\/wp-json\/wp\/v2\/tags?post=770196"}],"curies":[{"name":"wp","href":"https:\/\/api.w.org\/{rel}","templated":true}]}}