{"id":770221,"date":"2014-12-20T14:01:57","date_gmt":"2014-12-20T13:01:57","guid":{"rendered":"https:\/\/dailynewshungary.com\/de\/schwere-machtkampfe-in-der-regierungspartei-fidesz\/"},"modified":"2014-12-20T14:01:57","modified_gmt":"2014-12-20T13:01:57","slug":"schwere-machtkampfe-in-der-regierungspartei-fidesz","status":"publish","type":"post","link":"https:\/\/dailynewshungary.com\/de\/schwere-machtkampfe-in-der-regierungspartei-fidesz\/","title":{"rendered":"Schwere Machtk\u00e4mpfe in der Regierungspartei Fidesz"},"content":{"rendered":"<p><strong>Laut Index.hu bedrohte keiner der F\u00fchrer von Fidesz seine Parteigef\u00e4hrten so offen wie Janos Lazar, der einer der Vorstandsmitglieder der Partei. Viele Fidesz-Mitglieder betrachten das Interview von Lazar mit dem Figyel..net als einen Wendepunkt. Sie denken, dass Lazar sein Vorgehen sorgf\u00e4ltig mit Premierminister Viktor Orban koordiniert hat.<\/strong><\/p>\n<p>Janos Lazar sandte in seinem dem Figyel of gegebenen Interview eine Botschaft an Vizepr\u00e4sident Zoltan Pokorni und an den Vorstandsvorsitzenden Laszlo Kover, dass er meint, sie seien auf dem falschen Weg, wenn sie die Anh\u00e4ufung von Reichtum durch die anderen kritisierenDer Minister sagte, die beiden \u201epolitischen Veteranen\u201cschw\u00e4chen oder bringen sich nur um.<\/p>\n<p>Zoltan Pokorni sagte vor drei Wochen gegen\u00fcber H\u00edr TV, dass es aufgrund der amerikanischen Korruptionsvorw\u00fcrfe nicht l\u00e4nger zul\u00e4ssig sei, dass einige regierungsnahe Politiker teure Reisen unternehmen oder ein Millionenhaus bauen, und erwartete von seinen Kollegen moderates Verhalten.<\/p>\n<p>Trotz des gravierenden Popularit\u00e4tsverlusts gab es in der Partei keine gravierenden L\u00fccken. Selbst nach dem Krieg zwischen Simicska und Orban zeigte sich die Partei intakt. \u201eViele Leute dachten, Simicska k\u00f6nne in der Partei keinen \u00c4rger machen, sagte Index.hu.<\/p>\n<p>Lazar sagte, dass es eine L\u00fccke in der F\u00fchrung der Partei gebeAuch verschiedene pers\u00f6nliche Konflikte seien bisher zu h\u00f6ren, aber sie seien nicht \u00f6ffentlich gewesenDer Konflikt zwischen Lazar und Kover war nicht bekannt Den Worten des Ministers zufolge scheint es jedoch, dass er und einige j\u00fcngere Fidesz-Mitglieder Ressentiments gegen \u00e4ltere Fidesz-Leute empfinden Wie es passiert, gegen diejenigen, die gegen den luxuri\u00f6sen Lebensstil sind Lazar unterschied im Interview zwei gegens\u00e4tzliche Gruppen anhand der Generation.<\/p>\n<p>Generation der drei\u00dfiger und vierziger Jahre: Janos Lazar, Antal Rogan, Peter Szijjarto, Andras Giro-Szasz und Arpad Habony Berater.<\/p>\n<p>Politische Veteranen: Laszlo Kover, Zoltan Pokorni.<\/p>\n<p>Doch, Index.hu zutreffend, sprach er in seinem Interview nicht \u00fcber Viktor Orban, den gr\u00f6\u00dften politischen Veteranen, zudem geh\u00f6rt auch Lajos Kosa eindeutig zu den Veteranen der Partei, doch wegen seiner Aff\u00e4ren, die in den letzten Wochen \u00f6ffentlich wurden, ber\u00fchrt ihn auch Pokornis Worte. \u201eUnd es bezieht sich auch nicht auf die Generationenopposition, dass Gergely Gulyas, der kein Veteran ist, auch die Anh\u00e4ufung von Reichtum durch die Fidesz-F\u00fchrer kritisierte.<\/p>\n<p>Laut Fidesz-Politikern war sich Pokorni der inneren Solidarit\u00e4t in seiner Fernseherkl\u00e4rung nicht bewusst. Bisher sch\u00fctzten sich die Mitarbeiter der Mitgliederf\u00fchrung immer gegenseitig. Seine Verm\u00f6genskritiker trafen viele Parteimitglieder sehr sensibilisiert. Das Ansehen von Pokorni sank in einer Sektion der Partei enorm.<\/p>\n<p>Sie sagten, Pokorni habe sich aus den Wahlen 2014 zusammengesetzt und genie\u00dfe gerade die Vorteile des Fidesz-Hintergrunds im 12. Bezirk.<\/p>\n<p>Pokorni ist jedoch kein wirklicher Feind von Lazar, er steht schon lange an der Seitenlinie. Aber er reagierte kurz nach dem Lazar-Interview und tadelte sanft seinen Vizepr\u00e4sidentenkollegen.<\/p>\n<p>Laszlo Kover hat bisher nicht geantwortet Interessanter ist, dass Lazar auch den in der Parteif\u00fchrung aktiven Kover getroffen hat, es gab keine Nachrichten \u00fcber irgendwelche Konflikte zwischen ihnen Daher ist es am unbedeutendsten, ob Viktor Orban hinter dieser harten Lazar-Aussage steckt, sagt Index.hu.<\/p>\n<p>Laut Fidesz-Quellen gab Lazar die Erkl\u00e4rung mit Wissen und Zustimmung von Orban ab. Index.hu sagt, dass Pokorni sich mit Viktor Orban getroffen habe, der Premierminister jedoch die Aussage von Pokorni nicht erw\u00e4hnt habe. In seinem Interview mit Blikk verteidigte Orban die reichssammelnden jungen Parteimitglieder.<\/p>\n<p>Daher denken viele Fidesz-Politiker, es sei eine Aufmerksamkeit f\u00fcr die Parteimitglieder gewesen, die die Politik von Fidesz kritisieren. In den letzten 25 Jahren gab es innerhalb der Fidesz keinen so offenen Krieg, sagt Index.hu.<\/p>\n<p><em>Basierend auf dem Artikel von Index.hu<\/em><br \/>\n<em> \u00dcbersetzt von B.A<\/em><\/p>\n<p><em>Foto: Tamas Kovacs<\/em><\/p>\n","protected":false},"excerpt":{"rendered":"<p>Laut Index.hu bedrohte keiner der F\u00fchrer von Fidesz seine Parteigef\u00e4hrten so offen wie Janos Lazar, der einer der Vorstandsmitglieder der Partei. Viele Fidesz-Mitglieder betrachten das Interview von Lazar mit dem Figyel..net als einen Wendepunkt. Sie denken, dass Lazar sein Vorgehen sorgf\u00e4ltig mit Premierminister Viktor Orban koordiniert hat. Janos Lazar sandte in seinem dem Figyel of [&hellip;]<\/p>\n","protected":false},"author":2,"featured_media":770222,"comment_status":"open","ping_status":"open","sticky":false,"template":"","format":"standard","meta":{"_acf_changed":false,"_display_image":"","footnotes":""},"categories":[1081],"tags":[1091],"class_list":["post-770221","post","type-post","status-publish","format-standard","has-post-thumbnail","hentry","category-politik","tag-fidesz"],"blocksy_meta":[],"acf":[],"author_username":"alk","telegram_post":"","public_post_metadata":{"breaking_news":"","important":"","csempe":"","center_tile":"","disable_thumbnail":"","target_lang":"","_featured_image_style":"","telegram_post":"","_xlat_group_id":""},"public_rank_math_data":{"title":"%title% %sep% %sitename%","description":"","focus_keyword":"","canonical_url":"","robots":"","primary_category":"1081","breadcrumb_title":"","facebook_title":"","facebook_description":"","facebook_image":"","facebook_image_id":"","twitter_title":"","twitter_description":"","twitter_image":"","twitter_image_id":"","twitter_card_type":"","twitter_use_facebook":"","advanced_robots":"","pillar_content":"","seo_score":"","contentai_score":"","rich_snippet":""},"_links":{"self":[{"href":"https:\/\/dailynewshungary.com\/de\/wp-json\/wp\/v2\/posts\/770221","targetHints":{"allow":["GET"]}}],"collection":[{"href":"https:\/\/dailynewshungary.com\/de\/wp-json\/wp\/v2\/posts"}],"about":[{"href":"https:\/\/dailynewshungary.com\/de\/wp-json\/wp\/v2\/types\/post"}],"author":[{"embeddable":true,"href":"https:\/\/dailynewshungary.com\/de\/wp-json\/wp\/v2\/users\/2"}],"replies":[{"embeddable":true,"href":"https:\/\/dailynewshungary.com\/de\/wp-json\/wp\/v2\/comments?post=770221"}],"version-history":[{"count":0,"href":"https:\/\/dailynewshungary.com\/de\/wp-json\/wp\/v2\/posts\/770221\/revisions"}],"wp:featuredmedia":[{"embeddable":true,"href":"https:\/\/dailynewshungary.com\/de\/wp-json\/wp\/v2\/media\/770222"}],"wp:attachment":[{"href":"https:\/\/dailynewshungary.com\/de\/wp-json\/wp\/v2\/media?parent=770221"}],"wp:term":[{"taxonomy":"category","embeddable":true,"href":"https:\/\/dailynewshungary.com\/de\/wp-json\/wp\/v2\/categories?post=770221"},{"taxonomy":"post_tag","embeddable":true,"href":"https:\/\/dailynewshungary.com\/de\/wp-json\/wp\/v2\/tags?post=770221"}],"curies":[{"name":"wp","href":"https:\/\/api.w.org\/{rel}","templated":true}]}}