{"id":770241,"date":"2014-12-19T09:47:27","date_gmt":"2014-12-19T08:47:27","guid":{"rendered":"https:\/\/dailynewshungary.com\/de\/gabor-vona-jobbik-will-die-regierung-wechseln-aber-ohne-auslandischen-einfluss\/"},"modified":"2014-12-19T09:47:27","modified_gmt":"2014-12-19T08:47:27","slug":"gabor-vona-jobbik-will-die-regierung-wechseln-aber-ohne-auslandischen-einfluss","status":"publish","type":"post","link":"https:\/\/dailynewshungary.com\/de\/gabor-vona-jobbik-will-die-regierung-wechseln-aber-ohne-auslandischen-einfluss\/","title":{"rendered":"Gabor Vona: Jobbik will die Regierung wechseln, aber ohne ausl\u00e4ndischen Einfluss"},"content":{"rendered":"<p dir=\"ltr\"><strong><span style=\"font-size: 14px; line-height: 1.5em;\">Budapest, Dezember 2014 (MTI): Jobbik will die Regierung wechseln, aber keinen ausl\u00e4ndischen Einfluss in Ungarn \u2013 sagte Gabor Vona zu MTI.<\/span><\/strong><\/p>\n<p dir=\"ltr\">Der Vorsitzende von Jobbik rief dazu auf, ihre Werte und Grundlagen, die sie von anderen Parteien unterscheiden, zu behalten und sich den ver\u00e4nderten Gegebenheiten anzupassen, sie m\u00fcssen sich nach seinen Worten an die \u201cErosion\u201d der Regierungspartei anpassen und sich in jedem Segment weiterentwickeln, um Jobbik f\u00fcr die n\u00e4chsten Parlamentswahlen w\u00e4hlbar zu machen.<\/p>\n<p dir=\"ltr\">Unter Bezugnahme auf die j\u00fcngsten Meinungsumfragen sagte er, Jobbik sei nicht nur die fest zweitm\u00e4chtigste Partei, sondern sie \u201cginge n\u00e4her an Fidesz\u201d, und die linken Parteien seien nicht in der Lage, mit Jobbik auf eine Stufe zu kommen, auch nicht gemeinsam, Jobbik habe laut Vona glaubw\u00fcrdige, organisatorische und programmatische Vorteile gegen\u00fcber der linken Seite.<\/p>\n<p dir=\"ltr\">Der k\u00fcrzlich eingerichtete Regierungsvorbereitungsausschuss hat Ziele wie die Erstellung einer Liste von Aufgaben, die bis zu den Wahlen erf\u00fcllt werden, und die Schaffung der Struktur und Arbeitsweise der k\u00fcnftigen Jobbik-Regierung. Die wenigen Dutzend Experten werden von der Tagespolitik ferngehalten, um in der Lage zu sein, in der Perspektive zu denken, sagte MTI.<\/p>\n<p dir=\"ltr\">Gabor Vona nannte einen gro\u00dfen Fortschritt, dass die ungarische und internationale Presse immer mehr Artikel \u00fcber die Regierungschancen der Partei mache, Seiner Ansicht nach sagen in Ungarn immer weniger Menschen, dass seine Partei eine extremistische sei, wovor Ungarn Angst haben sollteIn jenen Siedlungen, wo es Jobbik-B\u00fcrgermeister gibt, leben die Menschen keine Kataklysmen, sie haben ein anderes Programm, die eine lebenswertere Welt zeigen.<\/p>\n<p dir=\"ltr\">Diese Wendung muss auf internationaler Ebene erreicht werden. Er f\u00fcgte hinzu, dass Jobbik als Partner in Russland, der T\u00fcrkei und Zentralasien gilt; Die Aufgabe des Westens besteht auch darin, der Partei eine Chance zu geben und die Partei im Lichte der von ihnen geleisteten Arbeit zu beurteilen.<\/p>\n<p dir=\"ltr\">Vona sprach auch davon, dass die Strategie des n\u00e4chsten Jahres in einer Fraktionssitzung Ende Januar fertig sein wird und er die Pl\u00e4ne beim Saisonauftakt skizzieren w\u00fcrde, Priorit\u00e4ten sind die Bek\u00e4mpfung der Korruption, die Schaffung von Arbeitspl\u00e4tzen und die L\u00f6sung sozialer Probleme, die Verbreiterung der Mittelschicht wird als Aufgabe markiert, die auf der Grundlage von Verdiensten verwirklicht w\u00fcrde, w\u00e4hrend er meint, Fidesz mache das nach politischer Loyalit\u00e4t, und die linke Seite habe keine Ideen, sie sch\u00fcre nur soziale Spannungen, sagte MTI.<\/p>\n<p dir=\"ltr\">Er betonte die Bedeutung der Zwischenwahlen des Parlaments in Veszprem, und er charakterisierte deren Kandidaten, Andrea Damm, als echte \u201cBig Gun\u201d und die \u201cEier des Bogens der W\u00e4hrungskreditnehmer\u201d.<\/p>\n<p dir=\"ltr\">\u00dcber die Demonstrationen sagte er, dass die Organisatoren oft einen Fehler gemacht h\u00e4tten, wenn sie ein positives Ziel annahmen, aber sie lie\u00dfen ihre Reihen \u201egenutzte Politiker\u201cund daher k\u00f6nnen sie keine soziale Macht zeigen. Jobbik versucht, L\u00f6sungen f\u00fcr die Probleme aller sozialen Gruppen zu finden, aber sie wollen nicht zu \u201eDemonstrationen ausl\u00e4ndischer Geheimdienste\u201d beitragen und f\u00fcgte hinzu, dass sie gerne die Regierung wechseln w\u00fcrden, aber keinen ausl\u00e4ndischen Einfluss in Ungarn wollen.<\/p>\n<p dir=\"ltr\"><a href=\"https:\/\/dailynewshungary.com\/wp-content\/uploads\/2014\/12\/vona-jobbik.jpg\" data-pswp-width=\"\" data-pswp-height=\"\" data-cropped=\"true\"><img loading=\"lazy\" decoding=\"async\" class=\"size-full wp-image-12898 aligncenter\" alt=\"vona-jobbik\" src=\"https:\/\/dailynewshungary.com\/wp-content\/uploads\/2014\/12\/vona-jobbik.jpg\" width=\"600\" height=\"408\" srcset=\"https:\/\/contentf5.dailynewshungary.com\/wp-content\/uploads\/2014\/12\/vona-jobbik.jpg 600w, https:\/\/contentf5.dailynewshungary.com\/wp-content\/uploads\/2014\/12\/vona-jobbik-300x204.jpg 300w, https:\/\/contentf5.dailynewshungary.com\/wp-content\/uploads\/2014\/12\/vona-jobbik-116x80.jpg 116w\" sizes=\"auto, (max-width: 600px) 100vw, 600px\"><\/a><\/p>\n<p dir=\"ltr\">Der Vorsitzende von Jobbik sagte \u00fcber Eastern Opening, dass sie es als ein Gleichgewicht verstehen und nicht als \u201eden westlichen Meister gegen einen \u00f6stlichen \u00e4ndern\u201c\u201d.<\/p>\n<p dir=\"ltr\">Laut MTI sollte auch angestrebt werden, dass Ungarn einen NATO-Russland-Konflikt ausschaltet und neutral bleibt, Gabor Vona m\u00f6chte eine \u00f6ffentliche Debatte dar\u00fcber beginnen, ob Ungarn Mitglied der NATO sein oder neutral bleiben soll (letzteres w\u00e4re seiner Meinung nach das Interesse des Landes, es w\u00fcrde viel Interesse schaden, aber wenn Ungarn austreten will, dann muss es respektiert werden.<\/p>\n<p dir=\"ltr\">Das Jahr 2014 nannte der Pary-Chef gemischt, konkret: Obwohl sie das Zweidrittel nicht verhindern konnten, h\u00e4lt er die Wahlauftritte in Bezug auf Jobbik f\u00fcr erfolgreich, er stufte jedoch den Zustand des Landes und die Ohnmacht der Regierung als traurig ein.<\/p>\n<p dir=\"ltr\"><em>Basierend auf dem Artikel von MTI<\/em><br \/>\n<em>\u00dcbersetzt von B.A<\/em><\/p>\n<p dir=\"ltr\"><em>Foto: MTI<\/em><\/p>\n","protected":false},"excerpt":{"rendered":"<p>Budapest, Dezember 2014 (MTI): Jobbik will die Regierung wechseln, aber keinen ausl\u00e4ndischen Einfluss in Ungarn \u2013 sagte Gabor Vona zu MTI. Der Vorsitzende von Jobbik rief dazu auf, ihre Werte und Grundlagen, die sie von anderen Parteien unterscheiden, zu behalten und sich den ver\u00e4nderten Gegebenheiten anzupassen, sie m\u00fcssen sich nach seinen Worten an die \u201cErosion\u201d [&hellip;]<\/p>\n","protected":false},"author":2,"featured_media":770242,"comment_status":"open","ping_status":"open","sticky":false,"template":"","format":"standard","meta":{"_acf_changed":false,"_display_image":"","footnotes":""},"categories":[1081],"tags":[1632],"class_list":["post-770241","post","type-post","status-publish","format-standard","has-post-thumbnail","hentry","category-politik","tag-jobbik"],"blocksy_meta":[],"acf":[],"author_username":"alk","telegram_post":"","public_post_metadata":{"breaking_news":"","important":"","csempe":"","center_tile":"","disable_thumbnail":"","target_lang":"","_featured_image_style":"","telegram_post":"","_xlat_group_id":""},"public_rank_math_data":{"title":"%title% %sep% %sitename%","description":"","focus_keyword":"","canonical_url":"","robots":"","primary_category":"1081","breadcrumb_title":"","facebook_title":"","facebook_description":"","facebook_image":"","facebook_image_id":"","twitter_title":"","twitter_description":"","twitter_image":"","twitter_image_id":"","twitter_card_type":"","twitter_use_facebook":"","advanced_robots":"","pillar_content":"","seo_score":"","contentai_score":"","rich_snippet":""},"_links":{"self":[{"href":"https:\/\/dailynewshungary.com\/de\/wp-json\/wp\/v2\/posts\/770241","targetHints":{"allow":["GET"]}}],"collection":[{"href":"https:\/\/dailynewshungary.com\/de\/wp-json\/wp\/v2\/posts"}],"about":[{"href":"https:\/\/dailynewshungary.com\/de\/wp-json\/wp\/v2\/types\/post"}],"author":[{"embeddable":true,"href":"https:\/\/dailynewshungary.com\/de\/wp-json\/wp\/v2\/users\/2"}],"replies":[{"embeddable":true,"href":"https:\/\/dailynewshungary.com\/de\/wp-json\/wp\/v2\/comments?post=770241"}],"version-history":[{"count":0,"href":"https:\/\/dailynewshungary.com\/de\/wp-json\/wp\/v2\/posts\/770241\/revisions"}],"wp:featuredmedia":[{"embeddable":true,"href":"https:\/\/dailynewshungary.com\/de\/wp-json\/wp\/v2\/media\/770242"}],"wp:attachment":[{"href":"https:\/\/dailynewshungary.com\/de\/wp-json\/wp\/v2\/media?parent=770241"}],"wp:term":[{"taxonomy":"category","embeddable":true,"href":"https:\/\/dailynewshungary.com\/de\/wp-json\/wp\/v2\/categories?post=770241"},{"taxonomy":"post_tag","embeddable":true,"href":"https:\/\/dailynewshungary.com\/de\/wp-json\/wp\/v2\/tags?post=770241"}],"curies":[{"name":"wp","href":"https:\/\/api.w.org\/{rel}","templated":true}]}}