{"id":770245,"date":"2014-12-19T06:05:30","date_gmt":"2014-12-19T05:05:30","guid":{"rendered":"https:\/\/dailynewshungary.com\/de\/zwei-fidesz-abgeordnete-wurden-mit-einer-geldstrafe-belegt-weil-sie-gegen-die-partei-gestimmt-hatten\/"},"modified":"2014-12-19T06:05:30","modified_gmt":"2014-12-19T05:05:30","slug":"zwei-fidesz-abgeordnete-wurden-mit-einer-geldstrafe-belegt-weil-sie-gegen-die-partei-gestimmt-hatten","status":"publish","type":"post","link":"https:\/\/dailynewshungary.com\/de\/zwei-fidesz-abgeordnete-wurden-mit-einer-geldstrafe-belegt-weil-sie-gegen-die-partei-gestimmt-hatten\/","title":{"rendered":"Zwei Fidesz-Abgeordnete wurden mit einer Geldstrafe belegt, weil sie gegen die Partei gestimmt hatten"},"content":{"rendered":"<p><strong>Budapest (MTI) \u2013 Zwei regierende Abgeordnete der Fidesz-Partei wurden mit einer Geldstrafe von jeweils 100.000 Forint (320 EUR) belegt, weil sie gegen die Parteigruppe gestimmt und ihr eine Zweidrittelmehrheit entzogen hatten.<\/strong><\/p>\n<p>Der Fraktionsdirektor von Fidesz, Gyorgy Balla, sagte gegen\u00fcber MTI, dass Janos Bencsik und Danko Bela nach einer Abstimmung am Montag bestraft worden seien und dass die Parteiregeln klarstellen, dass es bei jeder Abstimmung, die eine Zweidrittelmehrheit erfordert, obligatorisch sei, der Parteilinie zu folgen.<\/p>\n<p>Unabh\u00e4ngig von dieser Verpflichtung habe jedoch jeder Fidesz-Gesetzgeber das Recht, seine Meinung vorher innerhalb der Gruppe und sogar in der \u00d6ffentlichkeit zu \u00e4u\u00dfern, sagte er.<\/p>\n<p>Balla stellte fest, dass diese Regel zu Beginn des Regierungszyklus von den Fidesz-Gesetzgebern einstimmig angenommen worden sei.<\/p>\n","protected":false},"excerpt":{"rendered":"<p>Budapest (MTI) \u2013 Zwei regierende Abgeordnete der Fidesz-Partei wurden mit einer Geldstrafe von jeweils 100.000 Forint (320 EUR) belegt, weil sie gegen die Parteigruppe gestimmt und ihr eine Zweidrittelmehrheit entzogen hatten. Der Fraktionsdirektor von Fidesz, Gyorgy Balla, sagte gegen\u00fcber MTI, dass Janos Bencsik und Danko Bela nach einer Abstimmung am Montag bestraft worden seien und [&hellip;]<\/p>\n","protected":false},"author":2,"featured_media":770246,"comment_status":"open","ping_status":"open","sticky":false,"template":"","format":"standard","meta":{"_acf_changed":false,"_display_image":"","footnotes":""},"categories":[1081],"tags":[1091],"class_list":["post-770245","post","type-post","status-publish","format-standard","has-post-thumbnail","hentry","category-politik","tag-fidesz"],"blocksy_meta":[],"acf":[],"author_username":"alk","telegram_post":"","public_post_metadata":{"breaking_news":"","important":"","csempe":"","center_tile":"","disable_thumbnail":"","target_lang":"","_featured_image_style":"","telegram_post":"","_xlat_group_id":""},"public_rank_math_data":{"title":"%title% %sep% %sitename%","description":"","focus_keyword":"","canonical_url":"","robots":"","primary_category":"1081","breadcrumb_title":"","facebook_title":"","facebook_description":"","facebook_image":"","facebook_image_id":"","twitter_title":"","twitter_description":"","twitter_image":"","twitter_image_id":"","twitter_card_type":"","twitter_use_facebook":"","advanced_robots":"","pillar_content":"","seo_score":"","contentai_score":"","rich_snippet":""},"_links":{"self":[{"href":"https:\/\/dailynewshungary.com\/de\/wp-json\/wp\/v2\/posts\/770245","targetHints":{"allow":["GET"]}}],"collection":[{"href":"https:\/\/dailynewshungary.com\/de\/wp-json\/wp\/v2\/posts"}],"about":[{"href":"https:\/\/dailynewshungary.com\/de\/wp-json\/wp\/v2\/types\/post"}],"author":[{"embeddable":true,"href":"https:\/\/dailynewshungary.com\/de\/wp-json\/wp\/v2\/users\/2"}],"replies":[{"embeddable":true,"href":"https:\/\/dailynewshungary.com\/de\/wp-json\/wp\/v2\/comments?post=770245"}],"version-history":[{"count":0,"href":"https:\/\/dailynewshungary.com\/de\/wp-json\/wp\/v2\/posts\/770245\/revisions"}],"wp:featuredmedia":[{"embeddable":true,"href":"https:\/\/dailynewshungary.com\/de\/wp-json\/wp\/v2\/media\/770246"}],"wp:attachment":[{"href":"https:\/\/dailynewshungary.com\/de\/wp-json\/wp\/v2\/media?parent=770245"}],"wp:term":[{"taxonomy":"category","embeddable":true,"href":"https:\/\/dailynewshungary.com\/de\/wp-json\/wp\/v2\/categories?post=770245"},{"taxonomy":"post_tag","embeddable":true,"href":"https:\/\/dailynewshungary.com\/de\/wp-json\/wp\/v2\/tags?post=770245"}],"curies":[{"name":"wp","href":"https:\/\/api.w.org\/{rel}","templated":true}]}}