{"id":770257,"date":"2014-12-18T09:53:17","date_gmt":"2014-12-18T08:53:17","guid":{"rendered":"https:\/\/dailynewshungary.com\/de\/regierung-im-gesprach-mit-dem-ersten-raiffeisen\/"},"modified":"2014-12-18T09:53:17","modified_gmt":"2014-12-18T08:53:17","slug":"regierung-im-gesprach-mit-dem-ersten-raiffeisen","status":"publish","type":"post","link":"https:\/\/dailynewshungary.com\/de\/regierung-im-gesprach-mit-dem-ersten-raiffeisen\/","title":{"rendered":"Regierung im Gespr\u00e4ch mit dem Ersten, Raiffeisen"},"content":{"rendered":"<p><strong>Budapest, 18. Dezember (MTI) (Die ungarische Regierung f\u00fchrt Gespr\u00e4che mit der \u00f6sterreichischen Erste Bank und der Raiffeisen Bank \u00fcber eine strategische Partnerschaft und \u00fcber die Erweiterung des staatlichen Kreditinstitutsportfolios, sagte Kabinettschef Janos Lazar in einem Interview, das in der Donnerstagsausgabe der Wochenzeitung ver\u00f6ffentlicht wurde Figyelo.<\/strong><\/p>\n<p>\u201cNachdem ich Gespr\u00e4che mit dem Chef der Erste Bank gef\u00fchrt hatte, wies mich der Premierminister an, ein gemeinsames Angebot zu unterbreitenErst hat strategische Ziele in UngarnEs ist ein starkes Finanzinstitut im Land, das besondere Aufmerksamkeit verdient\u201d, sagte Lazar.<\/p>\n<p>\u201cRaiffeisen ist vielleicht in einer anderen Situation, wir m\u00f6chten ihnen auch in ihrer Zukunft zustimmen\u201d, f\u00fcgte er hinzu.<\/p>\n<p>Lazar bekr\u00e4ftigte, dass es nicht das Ziel der Regierung sei, ein System staatlicher Banken zu schaffen, sondern den Anteil des Sektors in ungarischer Hand auf 50-70 Prozent zu erh\u00f6henEr f\u00fcgte hinzu, dass die MKB Bank und die Budapest Bank innerhalb von drei Jahren auf transparente Weise verkauft w\u00fcrden.<\/p>\n<p>Der Staat hat die MKB Bank k\u00fcrzlich \u00fcbernommen und geht davon aus, den Kauf der Budapest Bank bis Mitte n\u00e4chsten Jahres abzuschlie\u00dfen.<\/p>\n<p>Lazar sagte, dass die Aufrechterhaltung des Wirtschaftswachstums das zentrale Thema der n\u00e4chsten vier Jahre sei Eine Wachstumsrate von 3-4 Prozent \u00fcber 5-10 Jahre w\u00fcrde bedeuten, dass sich die ungarische Wirtschaft von der Krise erholt habe, f\u00fcgte er hinzu.<\/p>\n<p>Als Lazar \u00fcber die geplante Modernisierung des Kernkraftwerks Paks sprach, r\u00e4umte er die M\u00f6glichkeit eines R\u00fcckzugs aus dem Projekt ein, sagte jedoch, dass dies nicht das Ziel sei, und wies darauf hin, dass dies kostspielig sei.<\/p>\n","protected":false},"excerpt":{"rendered":"<p>Budapest, 18. Dezember (MTI) (Die ungarische Regierung f\u00fchrt Gespr\u00e4che mit der \u00f6sterreichischen Erste Bank und der Raiffeisen Bank \u00fcber eine strategische Partnerschaft und \u00fcber die Erweiterung des staatlichen Kreditinstitutsportfolios, sagte Kabinettschef Janos Lazar in einem Interview, das in der Donnerstagsausgabe der Wochenzeitung ver\u00f6ffentlicht wurde Figyelo. \u201cNachdem ich Gespr\u00e4che mit dem Chef der Erste Bank gef\u00fchrt [&hellip;]<\/p>\n","protected":false},"author":2,"featured_media":770258,"comment_status":"open","ping_status":"open","sticky":false,"template":"","format":"standard","meta":{"_acf_changed":false,"_display_image":"","footnotes":""},"categories":[1281],"tags":[1066],"class_list":["post-770257","post","type-post","status-publish","format-standard","has-post-thumbnail","hentry","category-geschaft","tag-hungary"],"blocksy_meta":[],"acf":[],"author_username":"alk","telegram_post":"","public_post_metadata":{"breaking_news":"","important":"","csempe":"","center_tile":"","disable_thumbnail":"","target_lang":"","_featured_image_style":"","telegram_post":"","_xlat_group_id":""},"public_rank_math_data":{"title":"%title% %sep% %sitename%","description":"","focus_keyword":"","canonical_url":"","robots":"","primary_category":"1281","breadcrumb_title":"","facebook_title":"","facebook_description":"","facebook_image":"","facebook_image_id":"","twitter_title":"","twitter_description":"","twitter_image":"","twitter_image_id":"","twitter_card_type":"","twitter_use_facebook":"","advanced_robots":"","pillar_content":"","seo_score":"","contentai_score":"","rich_snippet":""},"_links":{"self":[{"href":"https:\/\/dailynewshungary.com\/de\/wp-json\/wp\/v2\/posts\/770257","targetHints":{"allow":["GET"]}}],"collection":[{"href":"https:\/\/dailynewshungary.com\/de\/wp-json\/wp\/v2\/posts"}],"about":[{"href":"https:\/\/dailynewshungary.com\/de\/wp-json\/wp\/v2\/types\/post"}],"author":[{"embeddable":true,"href":"https:\/\/dailynewshungary.com\/de\/wp-json\/wp\/v2\/users\/2"}],"replies":[{"embeddable":true,"href":"https:\/\/dailynewshungary.com\/de\/wp-json\/wp\/v2\/comments?post=770257"}],"version-history":[{"count":0,"href":"https:\/\/dailynewshungary.com\/de\/wp-json\/wp\/v2\/posts\/770257\/revisions"}],"wp:featuredmedia":[{"embeddable":true,"href":"https:\/\/dailynewshungary.com\/de\/wp-json\/wp\/v2\/media\/770258"}],"wp:attachment":[{"href":"https:\/\/dailynewshungary.com\/de\/wp-json\/wp\/v2\/media?parent=770257"}],"wp:term":[{"taxonomy":"category","embeddable":true,"href":"https:\/\/dailynewshungary.com\/de\/wp-json\/wp\/v2\/categories?post=770257"},{"taxonomy":"post_tag","embeddable":true,"href":"https:\/\/dailynewshungary.com\/de\/wp-json\/wp\/v2\/tags?post=770257"}],"curies":[{"name":"wp","href":"https:\/\/api.w.org\/{rel}","templated":true}]}}