{"id":770277,"date":"2014-12-16T14:59:09","date_gmt":"2014-12-16T13:59:09","guid":{"rendered":"https:\/\/dailynewshungary.com\/de\/das-parlament-stimmt-der-schliesung-von-geschaften-am-sonntag-zu\/"},"modified":"2014-12-16T14:59:09","modified_gmt":"2014-12-16T13:59:09","slug":"das-parlament-stimmt-der-schliesung-von-geschaften-am-sonntag-zu","status":"publish","type":"post","link":"https:\/\/dailynewshungary.com\/de\/das-parlament-stimmt-der-schliesung-von-geschaften-am-sonntag-zu\/","title":{"rendered":"Das Parlament stimmt der Schlie\u00dfung von Gesch\u00e4ften am Sonntag zu"},"content":{"rendered":"<p><strong>Budapest, 16. Dezember (MTI) \u2013 Der Gesetzgeber hat am Dienstag der Einf\u00fchrung des Sonntagsschlusses f\u00fcr Gesch\u00e4fte mit Wirkung vom 15. M\u00e4rz n\u00e4chsten Jahres zugestimmt.<\/strong><\/p>\n<p>Der mitregierende Vorschlag der Christdemokraten, der durch die Entscheidung \u00fcber Fidesz in mehreren Punkten ge\u00e4ndert wurde, wurde mit 119 Ja-Stimmen, 40 Nein-Stimmen und 25 Enthaltungen angenommen.<\/p>\n<p>Die Adventszeit vor Weihnachten wird vom Sonntags-Shopping-Verbot ausgenommen und ein zus\u00e4tzlicher Sonntag kann von Gesch\u00e4ften frei gew\u00e4hlt werden, wenn sie \u00f6ffnen k\u00f6nnen.<\/p>\n<p>Auch Gesch\u00e4fte mit einer Fl\u00e4che von weniger als 200 Quadratmetern sind vom Verbot ausgenommen, sofern der Eigent\u00fcmer und seine Familienangeh\u00f6rigen dort arbeiten.<\/p>\n<p><em>Foto: MTI<\/em><\/p>\n","protected":false},"excerpt":{"rendered":"<p>Budapest, 16. Dezember (MTI) \u2013 Der Gesetzgeber hat am Dienstag der Einf\u00fchrung des Sonntagsschlusses f\u00fcr Gesch\u00e4fte mit Wirkung vom 15. M\u00e4rz n\u00e4chsten Jahres zugestimmt. Der mitregierende Vorschlag der Christdemokraten, der durch die Entscheidung \u00fcber Fidesz in mehreren Punkten ge\u00e4ndert wurde, wurde mit 119 Ja-Stimmen, 40 Nein-Stimmen und 25 Enthaltungen angenommen. Die Adventszeit vor Weihnachten wird [&hellip;]<\/p>\n","protected":false},"author":2,"featured_media":770278,"comment_status":"open","ping_status":"open","sticky":false,"template":"","format":"standard","meta":{"_acf_changed":false,"_display_image":"","footnotes":""},"categories":[1281],"tags":[1066],"class_list":["post-770277","post","type-post","status-publish","format-standard","has-post-thumbnail","hentry","category-geschaft","tag-hungary"],"blocksy_meta":[],"acf":[],"author_username":"alk","telegram_post":"","public_post_metadata":{"breaking_news":"","important":"","csempe":"","center_tile":"","disable_thumbnail":"","target_lang":"","_featured_image_style":"","telegram_post":"","_xlat_group_id":""},"public_rank_math_data":{"title":"%title% %sep% %sitename%","description":"","focus_keyword":"","canonical_url":"","robots":"","primary_category":"1281","breadcrumb_title":"","facebook_title":"","facebook_description":"","facebook_image":"","facebook_image_id":"","twitter_title":"","twitter_description":"","twitter_image":"","twitter_image_id":"","twitter_card_type":"","twitter_use_facebook":"","advanced_robots":"","pillar_content":"","seo_score":"","contentai_score":"","rich_snippet":""},"_links":{"self":[{"href":"https:\/\/dailynewshungary.com\/de\/wp-json\/wp\/v2\/posts\/770277","targetHints":{"allow":["GET"]}}],"collection":[{"href":"https:\/\/dailynewshungary.com\/de\/wp-json\/wp\/v2\/posts"}],"about":[{"href":"https:\/\/dailynewshungary.com\/de\/wp-json\/wp\/v2\/types\/post"}],"author":[{"embeddable":true,"href":"https:\/\/dailynewshungary.com\/de\/wp-json\/wp\/v2\/users\/2"}],"replies":[{"embeddable":true,"href":"https:\/\/dailynewshungary.com\/de\/wp-json\/wp\/v2\/comments?post=770277"}],"version-history":[{"count":0,"href":"https:\/\/dailynewshungary.com\/de\/wp-json\/wp\/v2\/posts\/770277\/revisions"}],"wp:featuredmedia":[{"embeddable":true,"href":"https:\/\/dailynewshungary.com\/de\/wp-json\/wp\/v2\/media\/770278"}],"wp:attachment":[{"href":"https:\/\/dailynewshungary.com\/de\/wp-json\/wp\/v2\/media?parent=770277"}],"wp:term":[{"taxonomy":"category","embeddable":true,"href":"https:\/\/dailynewshungary.com\/de\/wp-json\/wp\/v2\/categories?post=770277"},{"taxonomy":"post_tag","embeddable":true,"href":"https:\/\/dailynewshungary.com\/de\/wp-json\/wp\/v2\/tags?post=770277"}],"curies":[{"name":"wp","href":"https:\/\/api.w.org\/{rel}","templated":true}]}}