{"id":770289,"date":"2014-12-15T21:06:46","date_gmt":"2014-12-15T20:06:46","guid":{"rendered":"https:\/\/dailynewshungary.com\/de\/parlt-nimmt-anderung-zur-nationalen-sicherheitskontrolle-an\/"},"modified":"2014-12-15T21:06:46","modified_gmt":"2014-12-15T20:06:46","slug":"parlt-nimmt-anderung-zur-nationalen-sicherheitskontrolle-an","status":"publish","type":"post","link":"https:\/\/dailynewshungary.com\/de\/parlt-nimmt-anderung-zur-nationalen-sicherheitskontrolle-an\/","title":{"rendered":"Parlt nimmt \u00c4nderung zur nationalen Sicherheitskontrolle an"},"content":{"rendered":"<p><strong>Budapest, 15. Dezember (MTI) \u2013 Der Gesetzgeber hat am Montag in einer Abstimmung einen \u00c4nderungsantrag angenommen, der eine nationale Sicherheitspr\u00fcfung der Mitglieder des Ausschusses f\u00fcr ausw\u00e4rtige Angelegenheiten des Parlaments vorschreibt.<\/strong><\/p>\n<p>Dem Antrag zufolge hat der Sprecher des Repr\u00e4sentantenhauses bis sp\u00e4testens 28. Februar n\u00e4chsten Jahres Zeit, das Verfahren einzuleiten.<\/p>\n<p>Die \u00dcberpr\u00fcfung der nationalen Sicherheit derjenigen, die sich dem Prozess unterziehen, k\u00f6nnte sp\u00e4ter aus bestimmten Gr\u00fcnden wiederholt werden, beispielsweise aufgrund eines erheblichen Wohlstandswachstums oder bei der Beschaffung eines ausl\u00e4ndischen Passes.<\/p>\n<p>Die Untersuchung wird k\u00fcnftig folgende Frage zu Beschr\u00e4nkungen durch ausl\u00e4ndische Beh\u00f6rden umfassen:<\/p>\n<p>\u201cHat eine ausl\u00e4ndische Beh\u00f6rde in den vergangenen fi 5 Jahren Ma\u00dfnahmen gegen Sie oder Ihre unmittelbaren Angeh\u00f6rigen mit der Wirkung der Ausweisung, oder der Beschr\u00e4nkung der Einreise oder des Aufenthalts in einem bestimmten Land ergriffen?\u201d<\/p>\n<p>Der von Innenminister Sandor Pinter unterzeichnete \u00c4nderungsantrag wird mit 179 Stimmen bei 7 Gegenstimmen und 9 Enthaltungen verabschiedet.<\/p>\n","protected":false},"excerpt":{"rendered":"<p>Budapest, 15. Dezember (MTI) \u2013 Der Gesetzgeber hat am Montag in einer Abstimmung einen \u00c4nderungsantrag angenommen, der eine nationale Sicherheitspr\u00fcfung der Mitglieder des Ausschusses f\u00fcr ausw\u00e4rtige Angelegenheiten des Parlaments vorschreibt. Dem Antrag zufolge hat der Sprecher des Repr\u00e4sentantenhauses bis sp\u00e4testens 28. Februar n\u00e4chsten Jahres Zeit, das Verfahren einzuleiten. Die \u00dcberpr\u00fcfung der nationalen Sicherheit derjenigen, die [&hellip;]<\/p>\n","protected":false},"author":2,"featured_media":770290,"comment_status":"open","ping_status":"open","sticky":false,"template":"","format":"standard","meta":{"_acf_changed":false,"_display_image":"","footnotes":""},"categories":[1081],"tags":[1066],"class_list":["post-770289","post","type-post","status-publish","format-standard","has-post-thumbnail","hentry","category-politik","tag-hungary"],"blocksy_meta":[],"acf":[],"author_username":"alk","telegram_post":"","public_post_metadata":{"breaking_news":"","important":"","csempe":"","center_tile":"","disable_thumbnail":"","target_lang":"","_featured_image_style":"","telegram_post":"","_xlat_group_id":""},"public_rank_math_data":{"title":"%title% %sep% %sitename%","description":"","focus_keyword":"","canonical_url":"","robots":"","primary_category":"1081","breadcrumb_title":"","facebook_title":"","facebook_description":"","facebook_image":"","facebook_image_id":"","twitter_title":"","twitter_description":"","twitter_image":"","twitter_image_id":"","twitter_card_type":"","twitter_use_facebook":"","advanced_robots":"","pillar_content":"","seo_score":"","contentai_score":"","rich_snippet":""},"_links":{"self":[{"href":"https:\/\/dailynewshungary.com\/de\/wp-json\/wp\/v2\/posts\/770289","targetHints":{"allow":["GET"]}}],"collection":[{"href":"https:\/\/dailynewshungary.com\/de\/wp-json\/wp\/v2\/posts"}],"about":[{"href":"https:\/\/dailynewshungary.com\/de\/wp-json\/wp\/v2\/types\/post"}],"author":[{"embeddable":true,"href":"https:\/\/dailynewshungary.com\/de\/wp-json\/wp\/v2\/users\/2"}],"replies":[{"embeddable":true,"href":"https:\/\/dailynewshungary.com\/de\/wp-json\/wp\/v2\/comments?post=770289"}],"version-history":[{"count":0,"href":"https:\/\/dailynewshungary.com\/de\/wp-json\/wp\/v2\/posts\/770289\/revisions"}],"wp:featuredmedia":[{"embeddable":true,"href":"https:\/\/dailynewshungary.com\/de\/wp-json\/wp\/v2\/media\/770290"}],"wp:attachment":[{"href":"https:\/\/dailynewshungary.com\/de\/wp-json\/wp\/v2\/media?parent=770289"}],"wp:term":[{"taxonomy":"category","embeddable":true,"href":"https:\/\/dailynewshungary.com\/de\/wp-json\/wp\/v2\/categories?post=770289"},{"taxonomy":"post_tag","embeddable":true,"href":"https:\/\/dailynewshungary.com\/de\/wp-json\/wp\/v2\/tags?post=770289"}],"curies":[{"name":"wp","href":"https:\/\/api.w.org\/{rel}","templated":true}]}}