{"id":770291,"date":"2014-12-15T20:06:27","date_gmt":"2014-12-15T19:06:27","guid":{"rendered":"https:\/\/dailynewshungary.com\/de\/parlt-besteht-die-medienintegration-im-offentlichen-dienst\/"},"modified":"2014-12-15T20:06:27","modified_gmt":"2014-12-15T19:06:27","slug":"parlt-besteht-die-medienintegration-im-offentlichen-dienst","status":"publish","type":"post","link":"https:\/\/dailynewshungary.com\/de\/parlt-besteht-die-medienintegration-im-offentlichen-dienst\/","title":{"rendered":"Parlt besteht die Medienintegration im \u00f6ffentlichen Dienst"},"content":{"rendered":"<p><strong>Budapest, 15. Dezember (MTI) \u2013 Das Parlament hat am Montag in einer Abstimmung am Montag eine Gesetzes\u00e4nderung zur Integration der vier \u00f6ffentlich-rechtlichen Medienunternehmen verabschiedet.<\/strong><\/p>\n<p>Dem Antrag zufolge wird ab dem 1. Juli 2015 ein neues \u00f6ffentliches Dienstleistungsunternehmen namens Duna Media Service Non-Profit Limited Company gegr\u00fcndet.<\/p>\n<p>Das Unternehmen wird Radio-, Fernseh-, Online- und Nachrichtenagenturdienste anbieten.<\/p>\n<p>Der von den regierenden Fidesz-Abgeordneten Bence Tuzson und Monika Dunai eingebrachte \u00c4nderungsantrag wurde mit 131 Ja-Stimmen und 63 Nein-Stimmen angenommen.<\/p>\n","protected":false},"excerpt":{"rendered":"<p>Budapest, 15. Dezember (MTI) \u2013 Das Parlament hat am Montag in einer Abstimmung am Montag eine Gesetzes\u00e4nderung zur Integration der vier \u00f6ffentlich-rechtlichen Medienunternehmen verabschiedet. Dem Antrag zufolge wird ab dem 1. Juli 2015 ein neues \u00f6ffentliches Dienstleistungsunternehmen namens Duna Media Service Non-Profit Limited Company gegr\u00fcndet. Das Unternehmen wird Radio-, Fernseh-, Online- und Nachrichtenagenturdienste anbieten. Der [&hellip;]<\/p>\n","protected":false},"author":2,"featured_media":770292,"comment_status":"open","ping_status":"open","sticky":false,"template":"","format":"standard","meta":{"_acf_changed":false,"_display_image":"","footnotes":""},"categories":[1081],"tags":[1207],"class_list":["post-770291","post","type-post","status-publish","format-standard","has-post-thumbnail","hentry","category-politik","tag-medien"],"blocksy_meta":[],"acf":[],"author_username":"alk","telegram_post":"","public_post_metadata":{"breaking_news":"","important":"","csempe":"","center_tile":"","disable_thumbnail":"","target_lang":"","_featured_image_style":"","telegram_post":"","_xlat_group_id":""},"public_rank_math_data":{"title":"%title% %sep% %sitename%","description":"","focus_keyword":"","canonical_url":"","robots":"","primary_category":"1081","breadcrumb_title":"","facebook_title":"","facebook_description":"","facebook_image":"","facebook_image_id":"","twitter_title":"","twitter_description":"","twitter_image":"","twitter_image_id":"","twitter_card_type":"","twitter_use_facebook":"","advanced_robots":"","pillar_content":"","seo_score":"","contentai_score":"","rich_snippet":""},"_links":{"self":[{"href":"https:\/\/dailynewshungary.com\/de\/wp-json\/wp\/v2\/posts\/770291","targetHints":{"allow":["GET"]}}],"collection":[{"href":"https:\/\/dailynewshungary.com\/de\/wp-json\/wp\/v2\/posts"}],"about":[{"href":"https:\/\/dailynewshungary.com\/de\/wp-json\/wp\/v2\/types\/post"}],"author":[{"embeddable":true,"href":"https:\/\/dailynewshungary.com\/de\/wp-json\/wp\/v2\/users\/2"}],"replies":[{"embeddable":true,"href":"https:\/\/dailynewshungary.com\/de\/wp-json\/wp\/v2\/comments?post=770291"}],"version-history":[{"count":0,"href":"https:\/\/dailynewshungary.com\/de\/wp-json\/wp\/v2\/posts\/770291\/revisions"}],"wp:featuredmedia":[{"embeddable":true,"href":"https:\/\/dailynewshungary.com\/de\/wp-json\/wp\/v2\/media\/770292"}],"wp:attachment":[{"href":"https:\/\/dailynewshungary.com\/de\/wp-json\/wp\/v2\/media?parent=770291"}],"wp:term":[{"taxonomy":"category","embeddable":true,"href":"https:\/\/dailynewshungary.com\/de\/wp-json\/wp\/v2\/categories?post=770291"},{"taxonomy":"post_tag","embeddable":true,"href":"https:\/\/dailynewshungary.com\/de\/wp-json\/wp\/v2\/tags?post=770291"}],"curies":[{"name":"wp","href":"https:\/\/api.w.org\/{rel}","templated":true}]}}