{"id":770301,"date":"2014-12-15T13:24:35","date_gmt":"2014-12-15T12:24:35","guid":{"rendered":"https:\/\/dailynewshungary.com\/de\/strasensperren-im-ganzen-land-vertrauendes-unionschefs-im-einvernehmen-mit-regierung-und-arbeitgebern\/"},"modified":"2014-12-15T13:24:35","modified_gmt":"2014-12-15T12:24:35","slug":"strasensperren-im-ganzen-land-vertrauendes-unionschefs-im-einvernehmen-mit-regierung-und-arbeitgebern","status":"publish","type":"post","link":"https:\/\/dailynewshungary.com\/de\/strasensperren-im-ganzen-land-vertrauendes-unionschefs-im-einvernehmen-mit-regierung-und-arbeitgebern\/","title":{"rendered":"Stra\u00dfensperren im ganzen Land \u201eVertrauen\u201cdes Unionschefs im Einvernehmen mit Regierung und Arbeitgebern"},"content":{"rendered":"<p><strong>Budapest, 15. Dezember (MTI) 6 Im Vorfeld einer Teildemonstration am Montag teilte der Chef des Gewerkschaftsdachverbandes der Liga, Istvan Gasko, MTI mit, dass er davon ausgeht, dass eine Einigung mit der Regierung und den Arbeitgebern erzielt werden kann.<\/strong><\/p>\n<p><a href=\"https:\/\/dailynewshungary.com\/wp-content\/uploads\/2014\/12\/Download-36.jpg\" data-pswp-width=\"\" data-pswp-height=\"\" data-cropped=\"true\"><img loading=\"lazy\" decoding=\"async\" class=\"size-full wp-image-12808 aligncenter\" alt=\"Herunterladen (36)\" src=\"https:\/\/dailynewshungary.com\/wp-content\/uploads\/2014\/12\/Download-36.jpg\" width=\"600\" height=\"400\" srcset=\"https:\/\/contentf5.dailynewshungary.com\/wp-content\/uploads\/2014\/12\/Download-36.jpg 600w, https:\/\/contentf5.dailynewshungary.com\/wp-content\/uploads\/2014\/12\/Download-36-300x200.jpg 300w\" sizes=\"auto, (max-width: 600px) 100vw, 600px\"><\/a><\/p>\n<p>Gasko f\u00fcgte hinzu, er hoffe, dass der Streik als Weckruf f\u00fcr die Regierung dienen und zeigen w\u00fcrde, dass es breite Unterst\u00fctzung f\u00fcr die Forderungen der Gewerkschaften gebe. Auf Seiten der Arbeitnehmer m\u00fcssen sie dar\u00fcber nachdenken, wie und in welchem Umfang ihr Forderungspaket umgesetzt werden kann.<\/p>\n<p>Wenn die heutige Demonstration nicht das erreicht, was sich die Organisatoren vorgenommen haben, gibt es in Zukunft zwei M\u00f6glichkeiten: eine Demonstration oder eine weitere teilweise Stra\u00dfenblockade abzuhalten oder einen landesweiten Streik abzuhalten.<\/p>\n<p><a href=\"https:\/\/dailynewshungary.com\/wp-content\/uploads\/2014\/12\/Download-351.jpg\" data-pswp-width=\"\" data-pswp-height=\"\" data-cropped=\"true\"><img loading=\"lazy\" decoding=\"async\" class=\"size-full wp-image-12809 aligncenter\" alt=\"Herunterladen (35)\" src=\"https:\/\/dailynewshungary.com\/wp-content\/uploads\/2014\/12\/Download-351.jpg\" width=\"600\" height=\"397\" srcset=\"https:\/\/contentf5.dailynewshungary.com\/wp-content\/uploads\/2014\/12\/Download-351.jpg 600w, https:\/\/contentf5.dailynewshungary.com\/wp-content\/uploads\/2014\/12\/Download-351-300x200.jpg 300w\" sizes=\"auto, (max-width: 600px) 100vw, 600px\"><\/a><\/p>\n<p>Liga f\u00fchrt am Montag zwischen 7 und 4 Uhr morgens eine teilweise Stra\u00dfenblockade an 62 Punkten im ganzen Land durch, um gegen staatliche Ma\u00dfnahmen zu protestieren, die nach Angaben der Gewerkschaften nachteilig f\u00fcr die Arbeitnehmer sind.<\/p>\n<p>Gasko sagte, das Forderungspaket beinhalte \u201eeine ausreichend umfangreiche Lohnabfindung im n\u00e4chsten Jahr, eine \u00dcberpr\u00fcfung des Arbeitsgesetzbuchs, eine \u00c4nderung des Streikgesetzes, um verfassungsrechtliche Schutzma\u00dfnahmen f\u00fcr Streikende aufzunehmen, die Beibehaltung des Vorruhestandssystems sowie keine \u00c4nderungen der Steuer.\u201cRegime f\u00fcr Nebenleistungen\u201d<\/p>\n<p><a href=\"https:\/\/dailynewshungary.com\/wp-content\/uploads\/2014\/12\/Download-39.jpg\" data-pswp-width=\"\" data-pswp-height=\"\" data-cropped=\"true\"><img loading=\"lazy\" decoding=\"async\" class=\"size-full wp-image-12805 aligncenter\" alt=\"Herunterladen (39)\" src=\"https:\/\/dailynewshungary.com\/wp-content\/uploads\/2014\/12\/Download-39.jpg\" width=\"600\" height=\"379\" srcset=\"https:\/\/contentf5.dailynewshungary.com\/wp-content\/uploads\/2014\/12\/Download-39.jpg 600w, https:\/\/contentf5.dailynewshungary.com\/wp-content\/uploads\/2014\/12\/Download-39-300x189.jpg 300w\" sizes=\"auto, (max-width: 600px) 100vw, 600px\"><\/a><\/p>\n<p>Die Polizei teilte MTI mit, dass an 43 Orten im ganzen Land Demonstrationen mit dem Ziel begonnen h\u00e4tten, den Verkehr zu verlangsamen. Der gr\u00f6\u00dfte Stau befand sich am Einlass zur Autobahn M3, w\u00e4hrend ein Abschnitt des Buda-Damms in der Hauptstadt geschlossen wurde.<\/p>\n<p>Die Kommunikationsabteilung des nationalen Polizeipr\u00e4sidiums teilte mit, dass sich die Polizei an den verschiedenen Orten aufgehalten habe, um den normalen Verkehrsfluss zu unterst\u00fctzen.<\/p>\n<p><a href=\"https:\/\/dailynewshungary.com\/wp-content\/uploads\/2014\/12\/Download-37.jpg\" data-pswp-width=\"\" data-pswp-height=\"\" data-cropped=\"true\"><img loading=\"lazy\" decoding=\"async\" class=\"size-full wp-image-12807 aligncenter\" alt=\"Herunterladen (37)\" src=\"https:\/\/dailynewshungary.com\/wp-content\/uploads\/2014\/12\/Download-37.jpg\" width=\"600\" height=\"400\" srcset=\"https:\/\/contentf5.dailynewshungary.com\/wp-content\/uploads\/2014\/12\/Download-37.jpg 600w, https:\/\/contentf5.dailynewshungary.com\/wp-content\/uploads\/2014\/12\/Download-37-300x200.jpg 300w\" sizes=\"auto, (max-width: 600px) 100vw, 600px\"><\/a><\/p>\n<p>&nbsp;<\/p>\n<p><em>Foto: MTI<\/em><\/p>\n","protected":false},"excerpt":{"rendered":"<p>Budapest, 15. Dezember (MTI) 6 Im Vorfeld einer Teildemonstration am Montag teilte der Chef des Gewerkschaftsdachverbandes der Liga, Istvan Gasko, MTI mit, dass er davon ausgeht, dass eine Einigung mit der Regierung und den Arbeitgebern erzielt werden kann. Gasko f\u00fcgte hinzu, er hoffe, dass der Streik als Weckruf f\u00fcr die Regierung dienen und zeigen w\u00fcrde, [&hellip;]<\/p>\n","protected":false},"author":2,"featured_media":770302,"comment_status":"open","ping_status":"open","sticky":false,"template":"","format":"standard","meta":{"_acf_changed":false,"_display_image":"","footnotes":""},"categories":[1081],"tags":[1266],"class_list":["post-770301","post","type-post","status-publish","format-standard","has-post-thumbnail","hentry","category-politik","tag-demonstration"],"blocksy_meta":[],"acf":[],"author_username":"alk","telegram_post":"","public_post_metadata":{"breaking_news":"","important":"","csempe":"","center_tile":"","disable_thumbnail":"","target_lang":"","_featured_image_style":"","telegram_post":"","_xlat_group_id":""},"public_rank_math_data":{"title":"%title% %sep% %sitename%","description":"","focus_keyword":"","canonical_url":"","robots":"","primary_category":"1081","breadcrumb_title":"","facebook_title":"","facebook_description":"","facebook_image":"","facebook_image_id":"","twitter_title":"","twitter_description":"","twitter_image":"","twitter_image_id":"","twitter_card_type":"","twitter_use_facebook":"","advanced_robots":"","pillar_content":"","seo_score":"","contentai_score":"","rich_snippet":""},"_links":{"self":[{"href":"https:\/\/dailynewshungary.com\/de\/wp-json\/wp\/v2\/posts\/770301","targetHints":{"allow":["GET"]}}],"collection":[{"href":"https:\/\/dailynewshungary.com\/de\/wp-json\/wp\/v2\/posts"}],"about":[{"href":"https:\/\/dailynewshungary.com\/de\/wp-json\/wp\/v2\/types\/post"}],"author":[{"embeddable":true,"href":"https:\/\/dailynewshungary.com\/de\/wp-json\/wp\/v2\/users\/2"}],"replies":[{"embeddable":true,"href":"https:\/\/dailynewshungary.com\/de\/wp-json\/wp\/v2\/comments?post=770301"}],"version-history":[{"count":0,"href":"https:\/\/dailynewshungary.com\/de\/wp-json\/wp\/v2\/posts\/770301\/revisions"}],"wp:featuredmedia":[{"embeddable":true,"href":"https:\/\/dailynewshungary.com\/de\/wp-json\/wp\/v2\/media\/770302"}],"wp:attachment":[{"href":"https:\/\/dailynewshungary.com\/de\/wp-json\/wp\/v2\/media?parent=770301"}],"wp:term":[{"taxonomy":"category","embeddable":true,"href":"https:\/\/dailynewshungary.com\/de\/wp-json\/wp\/v2\/categories?post=770301"},{"taxonomy":"post_tag","embeddable":true,"href":"https:\/\/dailynewshungary.com\/de\/wp-json\/wp\/v2\/tags?post=770301"}],"curies":[{"name":"wp","href":"https:\/\/api.w.org\/{rel}","templated":true}]}}