{"id":770305,"date":"2014-12-15T10:40:16","date_gmt":"2014-12-15T09:40:16","guid":{"rendered":"https:\/\/dailynewshungary.com\/de\/kritische-kommentare-aus-dem-ausland-verurteilt-orban-als-zerstorerisch\/"},"modified":"2014-12-15T10:40:16","modified_gmt":"2014-12-15T09:40:16","slug":"kritische-kommentare-aus-dem-ausland-verurteilt-orban-als-zerstorerisch","status":"publish","type":"post","link":"https:\/\/dailynewshungary.com\/de\/kritische-kommentare-aus-dem-ausland-verurteilt-orban-als-zerstorerisch\/","title":{"rendered":"Kritische Kommentare aus dem Ausland verurteilt Orban als \u201czerst\u00f6rerisch\u201d"},"content":{"rendered":"<p><strong>Budapest, 15. Dezember (MTI) \u2013 In seiner Rede auf einer Konferenz am Montag sagte Premierminister Viktor Orban, dass \u201eaus dem Kontext gerissene Worte\u201ceine destruktive Wirkung h\u00e4tten, wenn es um Diktaturvorw\u00fcrfe gegen ein anderes Land gehe.<\/strong><\/p>\n<p>Auf der Konferenz zum 25. Jahrestag der Timisoara-Revolution (Temesvar) in der Ungarischen Akademie der Wissenschaften sagte Orban, solche Anschuldigungen stammten von jemandem, der nicht unter \u00e4hnlichen Umst\u00e4nden wie eine Diktatur gelebt und dennoch das \u201ePhantombild eines\u201cbeschworen habe Diktator\u201d.<\/p>\n<p>Orban bezog sich auf \u00c4u\u00dferungen des amerikanischen Senators John McCain in Washington, der darauf bestand, dass Ungarn \u201eeine Nation ist, die kurz davor steht, ihre Souver\u00e4nit\u00e4t an einen neofaschistischen Diktator abzutreten, der mit Wladimir Putin ins Bett geht.\u201c\u201d<\/p>\n<p>Der Premierminister sagte, 1989 sei \u201eeine Flamme entz\u00fcndet worden, deren Licht nicht nur auf Siebenb\u00fcrgen, sondern auf ganz Rum\u00e4nien und Ungarn schien und auch das damalige Europa ins Licht tauchte.\u201c\u201d<\/p>\n<p>\u201eEin Vierteljahrhundert sp\u00e4ter ist dieses Licht, das die Dunkelheit der Diktatur erleuchtete, jedoch manchmal kaum sichtbar&#8230; F\u00fcnfundzwanzig Jahre nach den Ereignissen im Dezember sind viele in unserem Osten nicht bereit zu akzeptieren, dass die Revolution ihren Anfang nahm.\u201ceine reformierte Kirchengemeinde, eine ungarische Gemeinschaft, die Ungarn, Rum\u00e4nen, Szekler und Sachsen gleicherma\u00dfen Freiheit bringt.\u201d<\/p>\n<p>Orban zitierte Laszlo Tokes, den Pastor der reformierten Kirche, der 1989 die Revolution ausl\u00f6ste, und sagte Worte \u201ean der richtigen Stelle gesprochen werden, haben die sch\u00f6pferischen Kr\u00e4fte des Evangeliums&#8230; Aber fehl am Platz gesprochene Worte haben die Macht, sie zu zerst\u00f6ren.\u201c\u201d<\/p>\n<p>\u201cWir sind nicht durch dieselbe T\u00fcr in das Haus der Demokratie eingetreten wie andere Wir hatten unseren eigenen Eingang Dieses Haus, der Tempel der Demokratie, zeichnet sich gerade deshalb vom Bau eines gr\u00f6\u00dfenwahnsinnigen Diktators aus, weil es m\u00f6glich ist, durch mehrere T\u00fcren hineinzukommen\u201d, sagte er \u201cFreiheit darf nicht in Richtung ungez\u00fcgelter Selbstsucht gelebt werden; vielmehr sollte Freiheit dem Gemeinwohl dienen\u201d, f\u00fcgte der Premierminister hinzu.<\/p>\n<p>Als die rum\u00e4nischen Beh\u00f6rden versuchten, Tokes aus seiner Kirche in der Stadt Temeswar zu vertreiben, l\u00f6sten die daraus resultierenden Proteste die Rum\u00e4nische Revolution aus, die die Diktatur von Nicolae Ceausescu st\u00fcrzte.<\/p>\n<p>Foto: MTI \u2013 \u2013<\/p>\n","protected":false},"excerpt":{"rendered":"<p>Budapest, 15. Dezember (MTI) \u2013 In seiner Rede auf einer Konferenz am Montag sagte Premierminister Viktor Orban, dass \u201eaus dem Kontext gerissene Worte\u201ceine destruktive Wirkung h\u00e4tten, wenn es um Diktaturvorw\u00fcrfe gegen ein anderes Land gehe. Auf der Konferenz zum 25. Jahrestag der Timisoara-Revolution (Temesvar) in der Ungarischen Akademie der Wissenschaften sagte Orban, solche Anschuldigungen stammten [&hellip;]<\/p>\n","protected":false},"author":2,"featured_media":770306,"comment_status":"open","ping_status":"open","sticky":false,"template":"","format":"standard","meta":{"_acf_changed":false,"_display_image":"","footnotes":""},"categories":[1081],"tags":[1167,1128],"class_list":["post-770305","post","type-post","status-publish","format-standard","has-post-thumbnail","hentry","category-politik","tag-steuer","tag-viktor-orban"],"blocksy_meta":[],"acf":[],"author_username":"alk","telegram_post":"","public_post_metadata":{"breaking_news":"","important":"","csempe":"","center_tile":"","disable_thumbnail":"","target_lang":"","_featured_image_style":"","telegram_post":"","_xlat_group_id":""},"public_rank_math_data":{"title":"%title% %sep% %sitename%","description":"","focus_keyword":"","canonical_url":"","robots":"","primary_category":"1081","breadcrumb_title":"","facebook_title":"","facebook_description":"","facebook_image":"","facebook_image_id":"","twitter_title":"","twitter_description":"","twitter_image":"","twitter_image_id":"","twitter_card_type":"","twitter_use_facebook":"","advanced_robots":"","pillar_content":"","seo_score":"","contentai_score":"","rich_snippet":""},"_links":{"self":[{"href":"https:\/\/dailynewshungary.com\/de\/wp-json\/wp\/v2\/posts\/770305","targetHints":{"allow":["GET"]}}],"collection":[{"href":"https:\/\/dailynewshungary.com\/de\/wp-json\/wp\/v2\/posts"}],"about":[{"href":"https:\/\/dailynewshungary.com\/de\/wp-json\/wp\/v2\/types\/post"}],"author":[{"embeddable":true,"href":"https:\/\/dailynewshungary.com\/de\/wp-json\/wp\/v2\/users\/2"}],"replies":[{"embeddable":true,"href":"https:\/\/dailynewshungary.com\/de\/wp-json\/wp\/v2\/comments?post=770305"}],"version-history":[{"count":0,"href":"https:\/\/dailynewshungary.com\/de\/wp-json\/wp\/v2\/posts\/770305\/revisions"}],"wp:featuredmedia":[{"embeddable":true,"href":"https:\/\/dailynewshungary.com\/de\/wp-json\/wp\/v2\/media\/770306"}],"wp:attachment":[{"href":"https:\/\/dailynewshungary.com\/de\/wp-json\/wp\/v2\/media?parent=770305"}],"wp:term":[{"taxonomy":"category","embeddable":true,"href":"https:\/\/dailynewshungary.com\/de\/wp-json\/wp\/v2\/categories?post=770305"},{"taxonomy":"post_tag","embeddable":true,"href":"https:\/\/dailynewshungary.com\/de\/wp-json\/wp\/v2\/tags?post=770305"}],"curies":[{"name":"wp","href":"https:\/\/api.w.org\/{rel}","templated":true}]}}