{"id":770307,"date":"2014-12-15T07:52:38","date_gmt":"2014-12-15T06:52:38","guid":{"rendered":"https:\/\/dailynewshungary.com\/de\/demonstration-in-budapest-gegen-den-haushalt-2015\/"},"modified":"2014-12-15T07:52:38","modified_gmt":"2014-12-15T06:52:38","slug":"demonstration-in-budapest-gegen-den-haushalt-2015","status":"publish","type":"post","link":"https:\/\/dailynewshungary.com\/de\/demonstration-in-budapest-gegen-den-haushalt-2015\/","title":{"rendered":"Demonstration in Budapest gegen den Haushalt 2015"},"content":{"rendered":"<p><strong>Budapest (MTI) \u2013 Mitglieder ziviler Organisationen und Gewerkschaften nahmen am Sonntagnachmittag an einer Demonstration auf dem Budapester Kossuth-Platz vor dem Parlament teil, um gegen den Haushalt f\u00fcr das n\u00e4chste Jahr zu protestieren, \u00fcber den diese Woche abgestimmt werden soll.<\/strong><\/p>\n<p>Die Demonstranten, organisiert von der Facebook-Gruppe \u201e60.000 f\u00fcr private Renten\u201cversammelten sich auf dem Platz, um zu h\u00f6ren, wie Zoltan Vajda, der Hauptorganisator der Gruppe, erkl\u00e4rte, dass der Haushalt ein \u201eMoment der Wahrheit\u201d sei und der \u201eHaushalt den Willen des Premierministers offenbaren werde.\u201cViktor Orban\u201d.<\/p>\n<p>Er bestand darauf, dass sich nach der Verabschiedung des Haushalts weitere Millionen Menschen den bereits vier Millionen Armen im Land anschlie\u00dfen w\u00fcrden, Er f\u00fcgte hinzu, dass die regul\u00e4ren Sozialleistungen abgeschafft w\u00fcrden und Lebensmittel mit der Verabschiedung des Haushalts 2015 teurer w\u00fcrden.<\/p>\n<blockquote>\n<p>\u201cDas ist nicht der Haushalt Ungarns, sondern einer Bananenrepublik\u201d, sagte Vajda.<\/p>\n<\/blockquote>\n<p>Emilia Nagy, eine Schullehrerin und Aktivistin des Teaching Network, sagte, man werde nicht zulassen, dass der Haushalt die Zukunft der ungarischen Gesellschaft in Gefahr bringe. Sie sagte, die Regierung wolle die Massen aus einer qualitativ hochwertigen Bildung herausdr\u00fccken. Nagy f\u00fcgte hinzu, dass der Eintritt in ein Gymnasium zu einem Privileg werden w\u00fcrde und nur gl\u00fccklichen Sch\u00fclern eine h\u00f6here Ausbildung gesichert sei.<\/p>\n<p><a href=\"https:\/\/dailynewshungary.com\/wp-content\/uploads\/2014\/12\/Download-261.jpg\" data-pswp-width=\"\" data-pswp-height=\"\" data-cropped=\"true\"><img loading=\"lazy\" decoding=\"async\" class=\"size-full wp-image-12779 aligncenter\" alt=\"Herunterladen (26)\" src=\"https:\/\/dailynewshungary.com\/wp-content\/uploads\/2014\/12\/Download-261.jpg\" width=\"600\" height=\"370\" srcset=\"https:\/\/contentf5.dailynewshungary.com\/wp-content\/uploads\/2014\/12\/Download-261.jpg 600w, https:\/\/contentf5.dailynewshungary.com\/wp-content\/uploads\/2014\/12\/Download-261-300x185.jpg 300w, https:\/\/contentf5.dailynewshungary.com\/wp-content\/uploads\/2014\/12\/Download-261-290x180.jpg 290w\" sizes=\"auto, (max-width: 600px) 100vw, 600px\"><\/a><\/p>\n<p>Tamas Szekely, Chef des Bundes Autonomer Gewerkschaften, sagte, der Haushalt sei ein \u201cKomplott\u201d gegen \u201cIndustrieangestellte, Sozialarbeiter, in Kinderkrippen arbeitende Menschen, Lehrer und \u00f6ffentliche Angestellte\u201d, f\u00fcr die die Regierung nicht \u201cden Preis eines einzigen Sportstadions\u201d ausgeben w\u00fcrde.<\/p>\n<p>Balazs Gulyas, Chef der Facebook-Gruppe \u201c100.000 gegen die Internetsteuer\u201d, sagte der Menge, der Premierminister habe gelogen, als er keine Sparma\u00dfnahmen versprochen hatte, und verwies auf die \u201cVerbreitung\u201d von Steuern.<\/p>\n<p>In Bezug auf das Einreiseverbot in den USA sagte Gulyas, der Skandal zeige die Korruption des Systems.<\/p>\n<p>W\u00e4hrend der gesamten Demonstration skandierten die Teilnehmer \u201cEuropa\u201d, \u201cViktator\u201d, \u201cWir lassen es nicht zu\u201d, \u201cDemokratie\u201d und schwenkten die Nationalfarben und Gewerkschaftsflaggen.<\/p>\n<p><em>Foto: MTI<\/em><\/p>\n","protected":false},"excerpt":{"rendered":"<p>Budapest (MTI) \u2013 Mitglieder ziviler Organisationen und Gewerkschaften nahmen am Sonntagnachmittag an einer Demonstration auf dem Budapester Kossuth-Platz vor dem Parlament teil, um gegen den Haushalt f\u00fcr das n\u00e4chste Jahr zu protestieren, \u00fcber den diese Woche abgestimmt werden soll. Die Demonstranten, organisiert von der Facebook-Gruppe \u201e60.000 f\u00fcr private Renten\u201cversammelten sich auf dem Platz, um zu [&hellip;]<\/p>\n","protected":false},"author":2,"featured_media":770308,"comment_status":"open","ping_status":"open","sticky":false,"template":"","format":"standard","meta":{"_acf_changed":false,"_display_image":"","footnotes":""},"categories":[1081],"tags":[1266],"class_list":["post-770307","post","type-post","status-publish","format-standard","has-post-thumbnail","hentry","category-politik","tag-demonstration"],"blocksy_meta":[],"acf":[],"author_username":"alk","telegram_post":"","public_post_metadata":{"breaking_news":"","important":"","csempe":"","center_tile":"","disable_thumbnail":"","target_lang":"","_featured_image_style":"","telegram_post":"","_xlat_group_id":""},"public_rank_math_data":{"title":"%title% %sep% %sitename%","description":"","focus_keyword":"","canonical_url":"","robots":"","primary_category":"1081","breadcrumb_title":"","facebook_title":"","facebook_description":"","facebook_image":"","facebook_image_id":"","twitter_title":"","twitter_description":"","twitter_image":"","twitter_image_id":"","twitter_card_type":"","twitter_use_facebook":"","advanced_robots":"","pillar_content":"","seo_score":"","contentai_score":"","rich_snippet":""},"_links":{"self":[{"href":"https:\/\/dailynewshungary.com\/de\/wp-json\/wp\/v2\/posts\/770307","targetHints":{"allow":["GET"]}}],"collection":[{"href":"https:\/\/dailynewshungary.com\/de\/wp-json\/wp\/v2\/posts"}],"about":[{"href":"https:\/\/dailynewshungary.com\/de\/wp-json\/wp\/v2\/types\/post"}],"author":[{"embeddable":true,"href":"https:\/\/dailynewshungary.com\/de\/wp-json\/wp\/v2\/users\/2"}],"replies":[{"embeddable":true,"href":"https:\/\/dailynewshungary.com\/de\/wp-json\/wp\/v2\/comments?post=770307"}],"version-history":[{"count":0,"href":"https:\/\/dailynewshungary.com\/de\/wp-json\/wp\/v2\/posts\/770307\/revisions"}],"wp:featuredmedia":[{"embeddable":true,"href":"https:\/\/dailynewshungary.com\/de\/wp-json\/wp\/v2\/media\/770308"}],"wp:attachment":[{"href":"https:\/\/dailynewshungary.com\/de\/wp-json\/wp\/v2\/media?parent=770307"}],"wp:term":[{"taxonomy":"category","embeddable":true,"href":"https:\/\/dailynewshungary.com\/de\/wp-json\/wp\/v2\/categories?post=770307"},{"taxonomy":"post_tag","embeddable":true,"href":"https:\/\/dailynewshungary.com\/de\/wp-json\/wp\/v2\/tags?post=770307"}],"curies":[{"name":"wp","href":"https:\/\/api.w.org\/{rel}","templated":true}]}}