{"id":770345,"date":"2014-12-12T17:38:18","date_gmt":"2014-12-12T16:38:18","guid":{"rendered":"https:\/\/dailynewshungary.com\/de\/mehrere-weitere-gewerkschaften-schliesen-sich-der-demo-gegen-staatliche-masnahmen-vom-15-dezember-an-sagt-liga\/"},"modified":"2014-12-12T17:38:18","modified_gmt":"2014-12-12T16:38:18","slug":"mehrere-weitere-gewerkschaften-schliesen-sich-der-demo-gegen-staatliche-masnahmen-vom-15-dezember-an-sagt-liga","status":"publish","type":"post","link":"https:\/\/dailynewshungary.com\/de\/mehrere-weitere-gewerkschaften-schliesen-sich-der-demo-gegen-staatliche-masnahmen-vom-15-dezember-an-sagt-liga\/","title":{"rendered":"Mehrere weitere Gewerkschaften schlie\u00dfen sich der Demo gegen staatliche Ma\u00dfnahmen vom 15. Dezember an, sagt LIGA"},"content":{"rendered":"<p><strong>Budapest, 12. Dezember (MTI) \u201eWeitere sieben Gewerkschaften werden sich am 15. Dezember der nationalen Demonstration anschlie\u00dfen, um gegen staatliche Ma\u00dfnahmen gegen Arbeitnehmer zu protestieren, sagte der Vorsitzende des LIGA-Gewerkschaftsverbandes am Freitag.<\/strong><\/p>\n<p>Zu den Gewerkschaften, die sich der Aktion anschlie\u00dfen, geh\u00f6ren der Verband der Verkehrsgewerkschaften, der Verband der Hochschullehrer und der Verband der Strafverfolgungs- und Verwaltungsangestellten, und sie werden die Gesamtzahl der Gewerkschaften bei dem Protest auf vierzehn erh\u00f6hen, sagte Istvan Gasko auf einer Pressekonferenz.<\/p>\n<p>An 60 Punkten im Land wird zwischen 7 Uhr und 4 Uhr morgens eine teilweise Stra\u00dfenblockade mit Forderungen nach h\u00f6heren L\u00f6hnen, einer Lockerung der Streikregeln und der R\u00fccknahme von Pl\u00e4nen zum Ausstieg aus dem Vorruhestand stattfinden. Dar\u00fcber hinaus werden sie gegen Pl\u00e4ne zur Erh\u00f6hung der Steuern auf Lohnnebenverdienste wie Gutscheine, freiwillige Renten und Krankenversicherungssparen protestieren.<\/p>\n<p>Die Forderungen betreffen bis zu 4 Millionen Arbeitnehmer, sagte Gasko.<\/p>\n<p>Unterdessen k\u00fcndigte die Gewerkschaft der Arbeitnehmer der Tabakindustrie Anfang dieser Woche eine ganzt\u00e4gige Demonstration f\u00fcr den 15. Dezember in Budapest gegen die neuen Ma\u00dfnahmen der Regierung an, die sich auf die Branche auswirken.<\/p>\n<p>Die Demonstranten werden am 15. Dezember ab 8 Uhr morgens eine teilweise Stra\u00dfenblockade verh\u00e4ngen und sich ab Mittag vor dem Parlament versammeln, sagten die Organisatoren.<\/p>\n","protected":false},"excerpt":{"rendered":"<p>Budapest, 12. Dezember (MTI) \u201eWeitere sieben Gewerkschaften werden sich am 15. Dezember der nationalen Demonstration anschlie\u00dfen, um gegen staatliche Ma\u00dfnahmen gegen Arbeitnehmer zu protestieren, sagte der Vorsitzende des LIGA-Gewerkschaftsverbandes am Freitag. Zu den Gewerkschaften, die sich der Aktion anschlie\u00dfen, geh\u00f6ren der Verband der Verkehrsgewerkschaften, der Verband der Hochschullehrer und der Verband der Strafverfolgungs- und Verwaltungsangestellten, [&hellip;]<\/p>\n","protected":false},"author":2,"featured_media":770346,"comment_status":"open","ping_status":"open","sticky":false,"template":"","format":"standard","meta":{"_acf_changed":false,"_display_image":"","footnotes":""},"categories":[1081],"tags":[1266],"class_list":["post-770345","post","type-post","status-publish","format-standard","has-post-thumbnail","hentry","category-politik","tag-demonstration"],"blocksy_meta":[],"acf":[],"author_username":"alk","telegram_post":"","public_post_metadata":{"breaking_news":"","important":"","csempe":"","center_tile":"","disable_thumbnail":"","target_lang":"","_featured_image_style":"","telegram_post":"","_xlat_group_id":""},"public_rank_math_data":{"title":"%title% %sep% %sitename%","description":"","focus_keyword":"","canonical_url":"","robots":"","primary_category":"1081","breadcrumb_title":"","facebook_title":"","facebook_description":"","facebook_image":"","facebook_image_id":"","twitter_title":"","twitter_description":"","twitter_image":"","twitter_image_id":"","twitter_card_type":"","twitter_use_facebook":"","advanced_robots":"","pillar_content":"","seo_score":"","contentai_score":"","rich_snippet":""},"_links":{"self":[{"href":"https:\/\/dailynewshungary.com\/de\/wp-json\/wp\/v2\/posts\/770345","targetHints":{"allow":["GET"]}}],"collection":[{"href":"https:\/\/dailynewshungary.com\/de\/wp-json\/wp\/v2\/posts"}],"about":[{"href":"https:\/\/dailynewshungary.com\/de\/wp-json\/wp\/v2\/types\/post"}],"author":[{"embeddable":true,"href":"https:\/\/dailynewshungary.com\/de\/wp-json\/wp\/v2\/users\/2"}],"replies":[{"embeddable":true,"href":"https:\/\/dailynewshungary.com\/de\/wp-json\/wp\/v2\/comments?post=770345"}],"version-history":[{"count":0,"href":"https:\/\/dailynewshungary.com\/de\/wp-json\/wp\/v2\/posts\/770345\/revisions"}],"wp:featuredmedia":[{"embeddable":true,"href":"https:\/\/dailynewshungary.com\/de\/wp-json\/wp\/v2\/media\/770346"}],"wp:attachment":[{"href":"https:\/\/dailynewshungary.com\/de\/wp-json\/wp\/v2\/media?parent=770345"}],"wp:term":[{"taxonomy":"category","embeddable":true,"href":"https:\/\/dailynewshungary.com\/de\/wp-json\/wp\/v2\/categories?post=770345"},{"taxonomy":"post_tag","embeddable":true,"href":"https:\/\/dailynewshungary.com\/de\/wp-json\/wp\/v2\/tags?post=770345"}],"curies":[{"name":"wp","href":"https:\/\/api.w.org\/{rel}","templated":true}]}}