{"id":770347,"date":"2014-12-12T13:54:54","date_gmt":"2014-12-12T12:54:54","guid":{"rendered":"https:\/\/dailynewshungary.com\/de\/v4-prasidenten-diskutieren-uber-energiesicherheit-in-mitteleuropa\/"},"modified":"2014-12-12T13:54:54","modified_gmt":"2014-12-12T12:54:54","slug":"v4-prasidenten-diskutieren-uber-energiesicherheit-in-mitteleuropa","status":"publish","type":"post","link":"https:\/\/dailynewshungary.com\/de\/v4-prasidenten-diskutieren-uber-energiesicherheit-in-mitteleuropa\/","title":{"rendered":"V4-Pr\u00e4sidenten diskutieren \u00fcber Energiesicherheit in Mitteleuropa"},"content":{"rendered":"<p><strong>Prag, 12. Dezember (MTI) \u2013 Gemeinsame Bem\u00fchungen zur Verbesserung der Energiesicherheit in Mitteleuropa stehen im Mittelpunkt der Gespr\u00e4che am zweiten und letzten Tag eines Treffens der Pr\u00e4sidenten der Visegrad-Vier-L\u00e4nder, \u00d6sterreichs und Sloweniens am Freitag.<\/strong><\/p>\n<p>Ungarn wird bei den Gespr\u00e4chen auf der Prager Burg durch Pr\u00e4sident Janos Ader vertreten.<\/p>\n<p>Ader hatte am Freitagmorgen ein pers\u00f6nliches Treffen mit seinem slowenischen Amtskollegen Borut Pahor abgehalten.<\/p>\n<p>Die an den Plenargespr\u00e4chen teilnehmenden Pr\u00e4sidenten werden sp\u00e4ter am Tag eine gemeinsame Pressekonferenz abhalten.<\/p>\n<p>Der erste Tag der Plenargespr\u00e4che am Donnerstag konzentrierte sich auf den Ausbau der Verkehrsverbindungen in Mitteleuropa und die Zusammenarbeit zwischen den V4-L\u00e4ndern \u00d6sterreich und Slowenien.<\/p>\n<p><em>Foto: MTI \u2013 Tibor Illyes<\/em><\/p>\n","protected":false},"excerpt":{"rendered":"<p>Prag, 12. Dezember (MTI) \u2013 Gemeinsame Bem\u00fchungen zur Verbesserung der Energiesicherheit in Mitteleuropa stehen im Mittelpunkt der Gespr\u00e4che am zweiten und letzten Tag eines Treffens der Pr\u00e4sidenten der Visegrad-Vier-L\u00e4nder, \u00d6sterreichs und Sloweniens am Freitag. Ungarn wird bei den Gespr\u00e4chen auf der Prager Burg durch Pr\u00e4sident Janos Ader vertreten. Ader hatte am Freitagmorgen ein pers\u00f6nliches Treffen [&hellip;]<\/p>\n","protected":false},"author":2,"featured_media":770348,"comment_status":"open","ping_status":"open","sticky":false,"template":"","format":"standard","meta":{"_acf_changed":false,"_display_image":"","footnotes":""},"categories":[1081],"tags":[1923],"class_list":["post-770347","post","type-post","status-publish","format-standard","has-post-thumbnail","hentry","category-politik","tag-visegrad-vier"],"blocksy_meta":[],"acf":[],"author_username":"alk","telegram_post":"","public_post_metadata":{"breaking_news":"","important":"","csempe":"","center_tile":"","disable_thumbnail":"","target_lang":"","_featured_image_style":"","telegram_post":"","_xlat_group_id":""},"public_rank_math_data":{"title":"%title% %sep% %sitename%","description":"","focus_keyword":"","canonical_url":"","robots":"","primary_category":"1081","breadcrumb_title":"","facebook_title":"","facebook_description":"","facebook_image":"","facebook_image_id":"","twitter_title":"","twitter_description":"","twitter_image":"","twitter_image_id":"","twitter_card_type":"","twitter_use_facebook":"","advanced_robots":"","pillar_content":"","seo_score":"","contentai_score":"","rich_snippet":""},"_links":{"self":[{"href":"https:\/\/dailynewshungary.com\/de\/wp-json\/wp\/v2\/posts\/770347","targetHints":{"allow":["GET"]}}],"collection":[{"href":"https:\/\/dailynewshungary.com\/de\/wp-json\/wp\/v2\/posts"}],"about":[{"href":"https:\/\/dailynewshungary.com\/de\/wp-json\/wp\/v2\/types\/post"}],"author":[{"embeddable":true,"href":"https:\/\/dailynewshungary.com\/de\/wp-json\/wp\/v2\/users\/2"}],"replies":[{"embeddable":true,"href":"https:\/\/dailynewshungary.com\/de\/wp-json\/wp\/v2\/comments?post=770347"}],"version-history":[{"count":0,"href":"https:\/\/dailynewshungary.com\/de\/wp-json\/wp\/v2\/posts\/770347\/revisions"}],"wp:featuredmedia":[{"embeddable":true,"href":"https:\/\/dailynewshungary.com\/de\/wp-json\/wp\/v2\/media\/770348"}],"wp:attachment":[{"href":"https:\/\/dailynewshungary.com\/de\/wp-json\/wp\/v2\/media?parent=770347"}],"wp:term":[{"taxonomy":"category","embeddable":true,"href":"https:\/\/dailynewshungary.com\/de\/wp-json\/wp\/v2\/categories?post=770347"},{"taxonomy":"post_tag","embeddable":true,"href":"https:\/\/dailynewshungary.com\/de\/wp-json\/wp\/v2\/tags?post=770347"}],"curies":[{"name":"wp","href":"https:\/\/api.w.org\/{rel}","templated":true}]}}