{"id":770349,"date":"2014-12-12T12:03:20","date_gmt":"2014-12-12T11:03:20","guid":{"rendered":"https:\/\/dailynewshungary.com\/de\/pm-orban-anderungen-am-strasenbenutzungsgebuhrensystem-zugunsten-der-ungarn\/"},"modified":"2014-12-12T12:03:20","modified_gmt":"2014-12-12T11:03:20","slug":"pm-orban-anderungen-am-strasenbenutzungsgebuhrensystem-zugunsten-der-ungarn","status":"publish","type":"post","link":"https:\/\/dailynewshungary.com\/de\/pm-orban-anderungen-am-strasenbenutzungsgebuhrensystem-zugunsten-der-ungarn\/","title":{"rendered":"PM Orban: \u00c4nderungen am Stra\u00dfenbenutzungsgeb\u00fchrensystem zugunsten der Ungarn"},"content":{"rendered":"<p><strong>Budapest, 12. Dezember (MTI) \u2013 Die geplanten \u00c4nderungen im Stra\u00dfenbenutzungsgeb\u00fchrensystem werden den Ungarn zugute kommen und die Einf\u00fchrung optionaler E-Aufkleber f\u00fcr einzelne Landkreise werde insgesamt eine Verbesserung darstellen, sagte Premierminister Viktor Orban am Freitag.<\/strong><\/p>\n<p>Orban teilte dem \u00f6ffentlich-rechtlichen Radio Kossuth mit, dass Autofahrer die M\u00f6glichkeit h\u00e4tten, j\u00e4hrlich 5.000 Forint (16 EUR) f\u00fcr die Nutzung der Autobahn innerhalb eines Landkreises zu zahlen, statt der zuvor f\u00fcr das ganze Land berechneten j\u00e4hrlichen 41.000 Forint.<\/p>\n<p>Er kommentierte die Einf\u00fchrung einer Maut auf der Umgehungsstra\u00dfe M0 Budapest und sagte, das Ziel bestehe nicht darin, der Agglomeration eine Steuer aufzuerlegen. Der Schritt sei Teil der Einf\u00fchrung des Kreis-f\u00fcr-Kreis-Mautsystems, betonte er.<\/p>\n<p>Orban sagte, er sei mit dem B\u00fcrgermeister des Obuda-Bezirks im Norden Budapests darin einverstanden, dass die Megyeri-Br\u00fccke \u00fcber die Donau eine Stadtbr\u00fccke sei und dieser Abschnitt der Umgehungsstra\u00dfe anders gehandhabt werden k\u00f6nne.<\/p>\n<p>Auf die Frage nach den erwarteten Einnahmen aus dem neuen Mautsystem sagte Orban, es gebe Sch\u00e4tzungen, Fakten k\u00f6nnten jedoch erst nach dem ersten Jahr ans Licht kommen, wenn klar werde, wie sich die Menschen an die Ver\u00e4nderungen anpassen.<\/p>\n<p>Ein Vorschlag zur Einf\u00fchrung obligatorischer Drogentests in Schulen und anderswo zielt darauf ab, die Drogenmafia einzud\u00e4mmenDie Drogenmafia w\u00e4chst in Ungarn und es wurden Bedenken hinsichtlich des Konsums neuer synthetischer Drogen laut, sagte er und f\u00fcgte hinzu, dass die Regierung beschlossen habe, die Drogenkartelle des Landes innerhalb dieses parlamentarischen Zyklus aufzur\u00e4umen.<\/p>\n<p>Diejenigen, die Drogen konsumieren, k\u00f6nnen nicht mit dem Kampf gegen die Drogenmafia betraut werden, daher ist der Plan, den Drogentest auf Politiker, Journalisten und Personen auszudehnen, die \u00f6ffentliche \u00c4mter innehaben, mit der Absicht zu kl\u00e4ren, \u201cwer wo steht\u201d, sagte der PremierministerIn der Zwischenzeit sollte Eltern Hilfe angeboten werden, damit ihre Kinder nicht Opfer werden, sagte er und f\u00fcgte hinzu, dass Drogentests auf Wunsch der Eltern in jeder Schule verf\u00fcgbar sein m\u00fcssen.<\/p>\n<p>Orban nannte es seine \u201cpers\u00f6nliche Strategie\u201d, dass Gaspipelines Gas aus allen Nachbarl\u00e4ndern nach Ungarn bringen sollten.<\/p>\n<p>Es sei nicht das erste Mal, dass es in Mitteleuropa wegen einer Krise in der Ukraine zu einer Gaskrise komme, und diese m\u00fcsse angegangen werden, sagte erEs sei ein \u201cnationales Grundinteresse\u201d, dass Gas unter Umgehung der Ukraine nach Ungarn kommen solle.<\/p>\n<p>Die slowakisch-ungarische Gasverbindungsleitung wird am 1. Januar ihren Betrieb aufnehmen, aber dies ist wegen der Gr\u00f6\u00dfe der Rohre nur eine erste Option und eine Teill\u00f6sung Lieferungen sind von S\u00fcden her n\u00f6tig, durch Serbien auch, f\u00fcgte er hinzuPipelines sind vorhanden, um Gas aus \u00d6sterreich zu liefern, und Rum\u00e4nien und Kroatien haben diesbez\u00fcglich Arbeit zu leisten, sagte er.<\/p>\n<blockquote>\n<p>\u201cLangsam wird Ungarn ein Stadium erreichen, in dem seine B\u00fcrger, ihre Familien und Haushalte Energiesicherheit genie\u00dfen\u201d, sagte er.<\/p>\n<\/blockquote>\n<p>Orban sagte, er sei optimistisch hinsichtlich der Modernisierung des Paks-Kernkraftwerks und stellte fest, dass Russland einen Vertrag mit Finnland unterzeichnet habe, der denen \u00e4hnelte, die einige Tage sp\u00e4ter mit Ungarn unterzeichnet wurden. Orban fragte nach Chancen f\u00fcr Russland, die Vereinbarungen zu brechen, und sagte, dass alle Vertr\u00e4ge verletzt werden k\u00f6nnten, die Folgen seien jedoch in den Paks-Vertr\u00e4gen gut dargelegt.<\/p>\n<p>Zum Thema des gegen den Leiter der Steuerbeh\u00f6rde NAV erlassenen US-Einreiseverbots sagte Orban, ein rechtliches Verfahren sei in Gang gesetzt worden und dessen Ausgang m\u00fcsse gesehen werdenEs wird jede Chance gegeben, dass die Amerikaner ihre Beweise in einem fairen Verfahren und in voller \u00d6ffentlichkeit vorlegen und dass die NAV-Vorsitzende Ildiko Vida antwortetEr sagte, die Dinge bewegten sich in Richtung Transparenz.<\/p>\n<blockquote>\n<p>\u201cWer etwas behauptet, muss die Beweise vorlegen, und die Angeklagten k\u00f6nnen sich verteidigen\u201d, sagte er.<\/p>\n<\/blockquote>\n<p>Auf den j\u00fcngsten Verlust an Popularit\u00e4t der Regierung angesprochen, sagte Orban, die Regierung sei um alles besorgt, au\u00dfer um ihre Popularit\u00e4t, Er sagte, die Opposition agiere immer noch im \u201cKampagnenmodus\u201d, aber das sei nur nat\u00fcrlichDie Regierung m\u00fcsse anfangen zu regieren, auch wirtschaftliche Interessen zu verfolgenIm Zusammenhang mit geplanten regierungsfeindlichen Demonstrationen sagte er \u201cdas war es, was Fidesz und die [verb\u00fcndeten] Christdemokraten in den 1980 er Jahren gewollt hatten: Rede &#8211; und Versammlungsfreiheit\u201d<\/p>\n<p><em>Foto: MTI \u2013 Szilard Koszitcsak<\/em><\/p>\n","protected":false},"excerpt":{"rendered":"<p>Budapest, 12. Dezember (MTI) \u2013 Die geplanten \u00c4nderungen im Stra\u00dfenbenutzungsgeb\u00fchrensystem werden den Ungarn zugute kommen und die Einf\u00fchrung optionaler E-Aufkleber f\u00fcr einzelne Landkreise werde insgesamt eine Verbesserung darstellen, sagte Premierminister Viktor Orban am Freitag. Orban teilte dem \u00f6ffentlich-rechtlichen Radio Kossuth mit, dass Autofahrer die M\u00f6glichkeit h\u00e4tten, j\u00e4hrlich 5.000 Forint (16 EUR) f\u00fcr die Nutzung der [&hellip;]<\/p>\n","protected":false},"author":2,"featured_media":770350,"comment_status":"open","ping_status":"open","sticky":false,"template":"","format":"standard","meta":{"_acf_changed":false,"_display_image":"","footnotes":""},"categories":[1081],"tags":[1297,1128],"class_list":["post-770349","post","type-post","status-publish","format-standard","has-post-thumbnail","hentry","category-politik","tag-transport","tag-viktor-orban"],"blocksy_meta":[],"acf":[],"author_username":"alk","telegram_post":"","public_post_metadata":{"breaking_news":"","important":"","csempe":"","center_tile":"","disable_thumbnail":"","target_lang":"","_featured_image_style":"","telegram_post":"","_xlat_group_id":""},"public_rank_math_data":{"title":"%title% %sep% %sitename%","description":"","focus_keyword":"","canonical_url":"","robots":"","primary_category":"1081","breadcrumb_title":"","facebook_title":"","facebook_description":"","facebook_image":"","facebook_image_id":"","twitter_title":"","twitter_description":"","twitter_image":"","twitter_image_id":"","twitter_card_type":"","twitter_use_facebook":"","advanced_robots":"","pillar_content":"","seo_score":"","contentai_score":"","rich_snippet":""},"_links":{"self":[{"href":"https:\/\/dailynewshungary.com\/de\/wp-json\/wp\/v2\/posts\/770349","targetHints":{"allow":["GET"]}}],"collection":[{"href":"https:\/\/dailynewshungary.com\/de\/wp-json\/wp\/v2\/posts"}],"about":[{"href":"https:\/\/dailynewshungary.com\/de\/wp-json\/wp\/v2\/types\/post"}],"author":[{"embeddable":true,"href":"https:\/\/dailynewshungary.com\/de\/wp-json\/wp\/v2\/users\/2"}],"replies":[{"embeddable":true,"href":"https:\/\/dailynewshungary.com\/de\/wp-json\/wp\/v2\/comments?post=770349"}],"version-history":[{"count":0,"href":"https:\/\/dailynewshungary.com\/de\/wp-json\/wp\/v2\/posts\/770349\/revisions"}],"wp:featuredmedia":[{"embeddable":true,"href":"https:\/\/dailynewshungary.com\/de\/wp-json\/wp\/v2\/media\/770350"}],"wp:attachment":[{"href":"https:\/\/dailynewshungary.com\/de\/wp-json\/wp\/v2\/media?parent=770349"}],"wp:term":[{"taxonomy":"category","embeddable":true,"href":"https:\/\/dailynewshungary.com\/de\/wp-json\/wp\/v2\/categories?post=770349"},{"taxonomy":"post_tag","embeddable":true,"href":"https:\/\/dailynewshungary.com\/de\/wp-json\/wp\/v2\/tags?post=770349"}],"curies":[{"name":"wp","href":"https:\/\/api.w.org\/{rel}","templated":true}]}}