{"id":770379,"date":"2014-12-10T15:55:46","date_gmt":"2014-12-10T14:55:46","guid":{"rendered":"https:\/\/dailynewshungary.com\/de\/kein-dauerhafter-erfolg-in-der-politik-sagt-orban-im-blikk-interview\/"},"modified":"2014-12-10T15:55:46","modified_gmt":"2014-12-10T14:55:46","slug":"kein-dauerhafter-erfolg-in-der-politik-sagt-orban-im-blikk-interview","status":"publish","type":"post","link":"https:\/\/dailynewshungary.com\/de\/kein-dauerhafter-erfolg-in-der-politik-sagt-orban-im-blikk-interview\/","title":{"rendered":"Kein dauerhafter Erfolg in der Politik, sagt Orb\u00e1n im Blikk-Interview"},"content":{"rendered":"<p><strong>Budapest (MTI) \u2013 Ungarns Ministerpr\u00e4sident sagte in einem am Mittwoch von der Boulevardzeitung Blikk ver\u00f6ffentlichten Interview, er habe im halben Jahr nach den Parlamentswahlen mit regierungsfeindlichen Demonstrationen gerechnet.<\/strong><\/p>\n<p>Viktor Orb\u00e1n bemerkte, dass er zu der Generation geh\u00f6rte, die vor \u00fcber 24 Jahren f\u00fcr die freie Meinungs\u00e4u\u00dferung gek\u00e4mpft hatte, und betrachtete die Tatsache dieser Proteste daher als pers\u00f6nlichen Erfolg.<\/p>\n<p>Auf die Frage mehrerer Regierungspolitiker zur Anh\u00e4ufung von Reichtum antwortete Orb\u00e1n, dass es nie einen Zeitpunkt gebe, Reichtum zur Schau zu stellen, aber die Darstellungen der Presse seien keine Beispiele daf\u00fcr.<\/p>\n<p>Die Regierungspartei Fidesz \u201cist eine gro\u00dfe Volkspartei, und unter uns sind alle m\u00f6glichen Leute &#8216;gut situierte, Mittelschicht, Arbeiterklasse, Bauern Das ist eine plebejische Partei, aber ich will nicht aus der Regierung diejenigen jungen Leute ausschlie\u00dfen, die aus gut situierten Familien kommen Zur Schau stellen ist, wenn jemand Exhibitionist ist Diese Leute sind nicht so,\u201d sagte der Premierminister und f\u00fcgte hinzu, dass es heuchlerisch w\u00e4re, sich anders als das Nat\u00fcrliche zu verhalten, um Popularit\u00e4t zu erlangen.<\/p>\n<p><a href=\"https:\/\/dailynewshungary.com\/wp-content\/uploads\/2014\/12\/blikk-orban-2.jpg\" data-pswp-width=\"\" data-pswp-height=\"\" data-cropped=\"true\"><img loading=\"lazy\" decoding=\"async\" class=\"size-full wp-image-12651 aligncenter\" src=\"https:\/\/dailynewshungary.com\/wp-content\/uploads\/2014\/12\/blikk-orban-2.jpg\" alt=\"blikk-orban-2\" width=\"600\" height=\"411\" srcset=\"https:\/\/contentf5.dailynewshungary.com\/wp-content\/uploads\/2014\/12\/blikk-orban-2.jpg 600w, https:\/\/contentf5.dailynewshungary.com\/wp-content\/uploads\/2014\/12\/blikk-orban-2-300x205.jpg 300w, https:\/\/contentf5.dailynewshungary.com\/wp-content\/uploads\/2014\/12\/blikk-orban-2-116x80.jpg 116w\" sizes=\"auto, (max-width: 600px) 100vw, 600px\"><\/a><\/p>\n<p>Auf den Vorschlag hin, dass die W\u00e4hlerschaft Fidesz \u201cbestrafen\u201d werde, sagte Orb\u00e1n, wenn sich dies als der Fall erweise, m\u00fcsse man das akzeptieren \u201cIch bitte meine Politikerkollegen, ihre Arbeit ehrenhaft zu verrichten, sich an das Gesetz zu halten und die w\u00e4hlenden B\u00fcrger mit Respekt zu behandeln\u201d, sagte er \u201cSie sollten nichts tun, was die W\u00e4hler unehrenhaft finden\u201d, f\u00fcgte er hinzu.<\/p>\n<p>Der Premierminister sagte, die Regierung habe in der j\u00fcngsten Zeit zwei \u201eschwere Entscheidungen\u201cgetroffen, die den Interessen bestimmter Unternehmensgruppen geschadet h\u00e4tten: die Werbesteuer und die Reform der Landsubventionen, die seiner Meinung nach den Vorteil von Unternehmen eingeschr\u00e4nkt h\u00e4tten gro\u00dfe L\u00e4ndereien.<\/p>\n<p>\u201cIn diesem Zusammenhang haben Gesch\u00e4ftsleute, unter ihnen der erw\u00e4hnte Herr [das Papier stellt den Namen von Lajos Simicska in Klammern], ihren Widerspruch zum Ausdruck gebracht Trotzdem hat die Regierung diese Entscheidungen getroffenEs ist nie richtig, pers\u00f6nliche Beziehungen mit den Interessen des Landes zu verwechseln. Man muss tun, was im Interesse des Landes ist, auch wenn dies Menschen in unserem Umfeld schadet\u201d, sagte er.<\/p>\n<p>Auf die Frage, ob seine Freundschaft mit Simicska, einem Gesch\u00e4ftsmann und ehemaligen Leiter des Finanzamtes mit angeblichen Verbindungen zu Fidesz, gerettet werden k\u00f6nne, sagte Orb\u00e1n, dass die Zeit die Dinge l\u00f6sen w\u00fcrde.<\/p>\n<p>Zum Thema Pflegearbeitspl\u00e4tze sagte Orb\u00e1n, die Situation sei nicht gut, sondern verbessere sich.<\/p>\n<p>Auf die Frage nach dem Bau von Fu\u00dfballstadien im Land bestritt er, dass dabei sein pers\u00f6nliches Hobby eine Rolle gespielt habe, und f\u00fcgte hinzu, dass die bestehenden Stadien nicht in dem Zustand bleiben d\u00fcrften, in dem sie sich befanden.<\/p>\n<p>Zum US-Einreiseverbot mehrerer ungarischer Beamter sagte Orban, dass in Bezug auf die Reaktion auf das Verbot das Gesetz ge\u00e4ndert werden m\u00fcsse, da das geltende Gesetz eine solche Option nicht zulasse. \u201eWir brauchen diese Mittel und danach, ob wir sie nutzen oder nicht.\u201c\u201eWir werden sehen\u201d, sagte er.<\/p>\n<p><em>Foto: MTI \u2013 Zolt\u00e1n M\u00e1th\u00e9<\/em><\/p>\n","protected":false},"excerpt":{"rendered":"<p>Budapest (MTI) \u2013 Ungarns Ministerpr\u00e4sident sagte in einem am Mittwoch von der Boulevardzeitung Blikk ver\u00f6ffentlichten Interview, er habe im halben Jahr nach den Parlamentswahlen mit regierungsfeindlichen Demonstrationen gerechnet. Viktor Orb\u00e1n bemerkte, dass er zu der Generation geh\u00f6rte, die vor \u00fcber 24 Jahren f\u00fcr die freie Meinungs\u00e4u\u00dferung gek\u00e4mpft hatte, und betrachtete die Tatsache dieser Proteste daher [&hellip;]<\/p>\n","protected":false},"author":2,"featured_media":770380,"comment_status":"open","ping_status":"open","sticky":false,"template":"","format":"standard","meta":{"_acf_changed":false,"_display_image":"","footnotes":""},"categories":[1081],"tags":[1128],"class_list":["post-770379","post","type-post","status-publish","format-standard","has-post-thumbnail","hentry","category-politik","tag-viktor-orban"],"blocksy_meta":[],"acf":[],"author_username":"alk","telegram_post":"","public_post_metadata":{"breaking_news":"","important":"","csempe":"","center_tile":"","disable_thumbnail":"","target_lang":"","_featured_image_style":"","telegram_post":"","_xlat_group_id":""},"public_rank_math_data":{"title":"%title% %sep% %sitename%","description":"","focus_keyword":"","canonical_url":"","robots":"","primary_category":"1081","breadcrumb_title":"","facebook_title":"","facebook_description":"","facebook_image":"","facebook_image_id":"","twitter_title":"","twitter_description":"","twitter_image":"","twitter_image_id":"","twitter_card_type":"","twitter_use_facebook":"","advanced_robots":"","pillar_content":"","seo_score":"","contentai_score":"","rich_snippet":""},"_links":{"self":[{"href":"https:\/\/dailynewshungary.com\/de\/wp-json\/wp\/v2\/posts\/770379","targetHints":{"allow":["GET"]}}],"collection":[{"href":"https:\/\/dailynewshungary.com\/de\/wp-json\/wp\/v2\/posts"}],"about":[{"href":"https:\/\/dailynewshungary.com\/de\/wp-json\/wp\/v2\/types\/post"}],"author":[{"embeddable":true,"href":"https:\/\/dailynewshungary.com\/de\/wp-json\/wp\/v2\/users\/2"}],"replies":[{"embeddable":true,"href":"https:\/\/dailynewshungary.com\/de\/wp-json\/wp\/v2\/comments?post=770379"}],"version-history":[{"count":0,"href":"https:\/\/dailynewshungary.com\/de\/wp-json\/wp\/v2\/posts\/770379\/revisions"}],"wp:featuredmedia":[{"embeddable":true,"href":"https:\/\/dailynewshungary.com\/de\/wp-json\/wp\/v2\/media\/770380"}],"wp:attachment":[{"href":"https:\/\/dailynewshungary.com\/de\/wp-json\/wp\/v2\/media?parent=770379"}],"wp:term":[{"taxonomy":"category","embeddable":true,"href":"https:\/\/dailynewshungary.com\/de\/wp-json\/wp\/v2\/categories?post=770379"},{"taxonomy":"post_tag","embeddable":true,"href":"https:\/\/dailynewshungary.com\/de\/wp-json\/wp\/v2\/tags?post=770379"}],"curies":[{"name":"wp","href":"https:\/\/api.w.org\/{rel}","templated":true}]}}