{"id":770399,"date":"2014-12-09T12:11:10","date_gmt":"2014-12-09T11:11:10","guid":{"rendered":"https:\/\/dailynewshungary.com\/de\/us-einreiseverbot-orban-der-steuerchef-sollte-goodfriend-verklagen-oder-aussteigen\/"},"modified":"2014-12-09T12:11:10","modified_gmt":"2014-12-09T11:11:10","slug":"us-einreiseverbot-orban-der-steuerchef-sollte-goodfriend-verklagen-oder-aussteigen","status":"publish","type":"post","link":"https:\/\/dailynewshungary.com\/de\/us-einreiseverbot-orban-der-steuerchef-sollte-goodfriend-verklagen-oder-aussteigen\/","title":{"rendered":"US-Einreiseverbot \u2013 Orban: Der Steuerchef sollte Goodfriend verklagen oder aussteigen"},"content":{"rendered":"<p><strong>Budapest (MTI) \u2013 Premierminister Viktor Orban wird die Chefin der Steuerbeh\u00f6rde, Ildiko Vida, entlassen, es sei denn, sie reicht eine Verleumdungsklage gegen Andre Goodfriend ein, Anklage gegen die Gesch\u00e4ftstr\u00e4ger der US-Botschaft in Budapest, sagte Orban am Montag dem Parlament.<\/strong><\/p>\n<p>Orban sagte, er erwarte, dass Vida Goodfriend verklagen w\u00fcrde, nachdem die USA ihr ein Einreiseverbot auferlegt hatten, weil sie vermuteten, dass sie pers\u00f6nlich in Korruption verwickelt war.<\/p>\n<p>Als Antwort auf eine Frage eines sozialistischen Abgeordneten bestand Orban darauf, dass die Angelegenheit eindeutig vor den Gerichten gekl\u00e4rt werden k\u00f6nne, \u201eohne dass es all dem Unsinn an Beweisen mangelt\u201c.<\/p>\n<blockquote>\n<p>\u201cSoweit sie nicht sofort eine Klage einleitet, werde ich sie zur\u00fcckziehen\u201d, f\u00fcgte er hinzu.<\/p>\n<\/blockquote>\n<p>Orban forderte den US-Diplomaten zudem auf, sich \u201cnicht hinter seiner diplomatischen Immunit\u00e4t zu verstecken\u201d.<\/p>\n<p>In Bezug auf Goodfriend sagte Orban, dass der Diplomat \u201caufstehen, ein Mann sein und die Verantwortung f\u00fcr das \u00fcbernehmen sollte, was er behauptet hat\u201d.<\/p>\n<p>Antal Rogan, Fraktionsvorsitzender der regierenden Fidesz-Partei, sagte gegen\u00fcber MTI, er sehe eine rechtliche M\u00f6glichkeit f\u00fcr Goodfriend, seine Anspr\u00fcche vor Gericht zu unterst\u00fctzenEr bestand darauf, dass die Regierung der USA die Immunit\u00e4t ihres Diplomaten aufheben k\u00f6nne, und dann k\u00f6nne Goodfriend vor einem ungarischen Gericht erscheinenDer Diplomat k\u00f6nne dies sogar tun, ohne rechtliche Konsequenzen tragen zu m\u00fcssen, sagte Rogan.<\/p>\n<p>\u201cWir wollen nur ein Verfahren in Ungarn sehen, in dem entschieden wird, ob die US-Botschaft oder Vida Recht hat\u201d, argumentierte RoganEr f\u00fcgte hinzu, dass die ungarische Regierung in einer \u00e4hnlichen Situation sicherlich ihre Zustimmung dazu geben w\u00fcrde, dass ein ungarischer Diplomat ihren Fall in einem fremden Land beweist.<\/p>\n<p>In einem Beitrag auf Twitter schrieb Goodfriend: \u201cDie USA und Ungarn haben eine ausgezeichnete rechtliche Zusammenarbeit, einschlie\u00dflich eines Rechtshilfevertrags\u201d<\/p>\n","protected":false},"excerpt":{"rendered":"<p>Budapest (MTI) \u2013 Premierminister Viktor Orban wird die Chefin der Steuerbeh\u00f6rde, Ildiko Vida, entlassen, es sei denn, sie reicht eine Verleumdungsklage gegen Andre Goodfriend ein, Anklage gegen die Gesch\u00e4ftstr\u00e4ger der US-Botschaft in Budapest, sagte Orban am Montag dem Parlament. Orban sagte, er erwarte, dass Vida Goodfriend verklagen w\u00fcrde, nachdem die USA ihr ein Einreiseverbot auferlegt [&hellip;]<\/p>\n","protected":false},"author":2,"featured_media":770400,"comment_status":"open","ping_status":"open","sticky":false,"template":"","format":"standard","meta":{"_acf_changed":false,"_display_image":"","footnotes":""},"categories":[1081],"tags":[1577,1128],"class_list":["post-770399","post","type-post","status-publish","format-standard","has-post-thumbnail","hentry","category-politik","tag-vereinigten-staaten","tag-viktor-orban"],"blocksy_meta":[],"acf":[],"author_username":"alk","telegram_post":"","public_post_metadata":{"breaking_news":"","important":"","csempe":"","center_tile":"","disable_thumbnail":"","target_lang":"","_featured_image_style":"","telegram_post":"","_xlat_group_id":""},"public_rank_math_data":{"title":"%title% %sep% %sitename%","description":"","focus_keyword":"","canonical_url":"","robots":"","primary_category":"1081","breadcrumb_title":"","facebook_title":"","facebook_description":"","facebook_image":"","facebook_image_id":"","twitter_title":"","twitter_description":"","twitter_image":"","twitter_image_id":"","twitter_card_type":"","twitter_use_facebook":"","advanced_robots":"","pillar_content":"","seo_score":"","contentai_score":"","rich_snippet":""},"_links":{"self":[{"href":"https:\/\/dailynewshungary.com\/de\/wp-json\/wp\/v2\/posts\/770399","targetHints":{"allow":["GET"]}}],"collection":[{"href":"https:\/\/dailynewshungary.com\/de\/wp-json\/wp\/v2\/posts"}],"about":[{"href":"https:\/\/dailynewshungary.com\/de\/wp-json\/wp\/v2\/types\/post"}],"author":[{"embeddable":true,"href":"https:\/\/dailynewshungary.com\/de\/wp-json\/wp\/v2\/users\/2"}],"replies":[{"embeddable":true,"href":"https:\/\/dailynewshungary.com\/de\/wp-json\/wp\/v2\/comments?post=770399"}],"version-history":[{"count":0,"href":"https:\/\/dailynewshungary.com\/de\/wp-json\/wp\/v2\/posts\/770399\/revisions"}],"wp:featuredmedia":[{"embeddable":true,"href":"https:\/\/dailynewshungary.com\/de\/wp-json\/wp\/v2\/media\/770400"}],"wp:attachment":[{"href":"https:\/\/dailynewshungary.com\/de\/wp-json\/wp\/v2\/media?parent=770399"}],"wp:term":[{"taxonomy":"category","embeddable":true,"href":"https:\/\/dailynewshungary.com\/de\/wp-json\/wp\/v2\/categories?post=770399"},{"taxonomy":"post_tag","embeddable":true,"href":"https:\/\/dailynewshungary.com\/de\/wp-json\/wp\/v2\/tags?post=770399"}],"curies":[{"name":"wp","href":"https:\/\/api.w.org\/{rel}","templated":true}]}}