{"id":770439,"date":"2014-12-06T07:25:56","date_gmt":"2014-12-06T06:25:56","guid":{"rendered":"https:\/\/dailynewshungary.com\/de\/lazar-unterstutzt-die-familienangehorigen-der-politiker-finanziell-transparenter-zu-machen\/"},"modified":"2014-12-06T07:25:56","modified_gmt":"2014-12-06T06:25:56","slug":"lazar-unterstutzt-die-familienangehorigen-der-politiker-finanziell-transparenter-zu-machen","status":"publish","type":"post","link":"https:\/\/dailynewshungary.com\/de\/lazar-unterstutzt-die-familienangehorigen-der-politiker-finanziell-transparenter-zu-machen\/","title":{"rendered":"Lazar unterst\u00fctzt, die Familienangeh\u00f6rigen der Politiker finanziell transparenter zu machen"},"content":{"rendered":"<p><strong>Budapest (MTI) 6 Kabinettschef Janos Lazar sagte, er werde einen Vorschlag unterst\u00fctzen, die finanzielle Situation der Familienangeh\u00f6rigen von Politikern in einer Weise transparenter zu machen, die die Datenschutzrechte respektiert.<\/strong><\/p>\n<p>Lazar sagte der lokalen Tageszeitung Delmagyarorszag in einem am Freitag ver\u00f6ffentlichten Interview, dass es sehr wichtig sei, Anschuldigungen zu verhindern, dass Gesetzgeber oder ihre Familienangeh\u00f6rigen Dinge \u00fcber ihre Finanzen geheim halten. Er sagte, er unterst\u00fctze die Einleitung eines fairen und vern\u00fcnftigen Konsultationsprozesses dar\u00fcber, wie mehr Transparenz ohne Verletzung des Rechts der Familienangeh\u00f6rigen auf Privatsph\u00e4re gew\u00e4hrleistet werden k\u00f6nne.<\/p>\n<p>\u201cAls Abgeordneter, und auch als Ehemann und Vater werde ich eine faire und begr\u00fcndete Gesetzes\u00e4nderung zu diesem Zweck unterst\u00fctzen\u201d, f\u00fcgte er hinzu.<\/p>\n<p>Lazar, der auch Abgeordneter der s\u00fcdungarischen Stadt Hodmezovasarhely und ihrer Region ist, stellte fest, dass er bereits w\u00e4hrend seiner Amtszeit als B\u00fcrgermeister der Stadt seine Verm\u00f6genserkl\u00e4rung und die Verm\u00f6genserkl\u00e4rung der Abgeordneten auf der Website des Rates ver\u00f6ffentlicht habe.<\/p>\n<p>Er kommentierte eine Budapester Immobilie, die k\u00fcrzlich f\u00fcr Lazars Sohn gekauft und in den Medien berichtet wurde, und sagte, sie sei mit gemeinsamen Anstrengungen der Familie gekauft worden. Die Wohnung wurde von einer Bank verkauft, nachdem das Unternehmen, das sie pachtete, bankrott gegangen war, f\u00fcgte er hinzu.<\/p>\n","protected":false},"excerpt":{"rendered":"<p>Budapest (MTI) 6 Kabinettschef Janos Lazar sagte, er werde einen Vorschlag unterst\u00fctzen, die finanzielle Situation der Familienangeh\u00f6rigen von Politikern in einer Weise transparenter zu machen, die die Datenschutzrechte respektiert. Lazar sagte der lokalen Tageszeitung Delmagyarorszag in einem am Freitag ver\u00f6ffentlichten Interview, dass es sehr wichtig sei, Anschuldigungen zu verhindern, dass Gesetzgeber oder ihre Familienangeh\u00f6rigen Dinge [&hellip;]<\/p>\n","protected":false},"author":2,"featured_media":770440,"comment_status":"open","ping_status":"open","sticky":false,"template":"","format":"standard","meta":{"_acf_changed":false,"_display_image":"","footnotes":""},"categories":[1081],"tags":[1066],"class_list":["post-770439","post","type-post","status-publish","format-standard","has-post-thumbnail","hentry","category-politik","tag-hungary"],"blocksy_meta":[],"acf":[],"author_username":"alk","telegram_post":"","public_post_metadata":{"breaking_news":"","important":"","csempe":"","center_tile":"","disable_thumbnail":"","target_lang":"","_featured_image_style":"","telegram_post":"","_xlat_group_id":""},"public_rank_math_data":{"title":"%title% %sep% %sitename%","description":"","focus_keyword":"","canonical_url":"","robots":"","primary_category":"1081","breadcrumb_title":"","facebook_title":"","facebook_description":"","facebook_image":"","facebook_image_id":"","twitter_title":"","twitter_description":"","twitter_image":"","twitter_image_id":"","twitter_card_type":"","twitter_use_facebook":"","advanced_robots":"","pillar_content":"","seo_score":"","contentai_score":"","rich_snippet":""},"_links":{"self":[{"href":"https:\/\/dailynewshungary.com\/de\/wp-json\/wp\/v2\/posts\/770439","targetHints":{"allow":["GET"]}}],"collection":[{"href":"https:\/\/dailynewshungary.com\/de\/wp-json\/wp\/v2\/posts"}],"about":[{"href":"https:\/\/dailynewshungary.com\/de\/wp-json\/wp\/v2\/types\/post"}],"author":[{"embeddable":true,"href":"https:\/\/dailynewshungary.com\/de\/wp-json\/wp\/v2\/users\/2"}],"replies":[{"embeddable":true,"href":"https:\/\/dailynewshungary.com\/de\/wp-json\/wp\/v2\/comments?post=770439"}],"version-history":[{"count":0,"href":"https:\/\/dailynewshungary.com\/de\/wp-json\/wp\/v2\/posts\/770439\/revisions"}],"wp:featuredmedia":[{"embeddable":true,"href":"https:\/\/dailynewshungary.com\/de\/wp-json\/wp\/v2\/media\/770440"}],"wp:attachment":[{"href":"https:\/\/dailynewshungary.com\/de\/wp-json\/wp\/v2\/media?parent=770439"}],"wp:term":[{"taxonomy":"category","embeddable":true,"href":"https:\/\/dailynewshungary.com\/de\/wp-json\/wp\/v2\/categories?post=770439"},{"taxonomy":"post_tag","embeddable":true,"href":"https:\/\/dailynewshungary.com\/de\/wp-json\/wp\/v2\/tags?post=770439"}],"curies":[{"name":"wp","href":"https:\/\/api.w.org\/{rel}","templated":true}]}}