{"id":770445,"date":"2014-12-05T15:48:30","date_gmt":"2014-12-05T14:48:30","guid":{"rendered":"https:\/\/dailynewshungary.com\/de\/orban-mccains-auserungen-greifen-die-souveranitat-ungarns-an\/"},"modified":"2014-12-05T15:48:30","modified_gmt":"2014-12-05T14:48:30","slug":"orban-mccains-auserungen-greifen-die-souveranitat-ungarns-an","status":"publish","type":"post","link":"https:\/\/dailynewshungary.com\/de\/orban-mccains-auserungen-greifen-die-souveranitat-ungarns-an\/","title":{"rendered":"Orban: McCains \u00c4u\u00dferungen greifen die Souver\u00e4nit\u00e4t Ungarns an"},"content":{"rendered":"<p><strong>Budapest, 5. Dezember (MTI) \u2013 Die nationale Unabh\u00e4ngigkeit Ungarns wird angegriffen, sagte Premierminister Viktor Orban am Freitag im Zusammenhang mit kritischen Bemerkungen, die k\u00fcrzlich US-Senator John McCain gemacht hatte.<\/strong><\/p>\n<p>Im \u00f6ffentlich-rechtlichen Kossuth Radio nannte Orban McCains Behauptungen \u201cextremistisch\u201d und f\u00fcgte hinzu, dass die \u00c4u\u00dferungen des Senators \u201cdie Person widerspiegeln, die sie gesagt hat\u201d.<\/p>\n<p>Am Dienstag sagte der republikanische Senator, Ungarn sei \u201cein sehr wichtiges Land, in dem schlimme Dinge vor sich gehen\u201d Er beharrte auch darauf, dass Ungarn \u201ceine Nation ist, die kurz davor steht, ihre Souver\u00e4nit\u00e4t an einen neofaschistischen Diktator abzutreten, der mit Wladimir Putin ins Bett geht\u201d<\/p>\n<p>In seinem Interview sagte Orban, dass seine oberste Priorit\u00e4t darin bestehe, die Unabh\u00e4ngigkeit des Landes zu wahren, und f\u00fcgte hinzu, dass er \u201ekein Vizek\u00f6nig in Ungarn sein w\u00fcrde, der von einem ausl\u00e4ndischen Staat beauftragt wurde\u201cEr argumentierte, dass Unabh\u00e4ngigkeit in Bezug auf Energie, Finanzen und Handel \u201enicht attraktiv f\u00fcr die Nutznie\u00dfer der Zeiten vor 2010 sei, als Ungarn nicht unabh\u00e4ngig war und sie von den Ungarn profitieren konnten\u201d.<\/p>\n<p>Zum Thema des gegen sechs ungarische Staatsangeh\u00f6rige verh\u00e4ngten US-Einreiseverbots sagte Orban, dass \u201cdie Situation einfacher wird\u201d, da \u201cdie Amerikaner neulich eine klare Aussage gemacht und gesagt haben, dass der Chef der Steuerbeh\u00f6rde ein Verbrechen der Korruption begangen hat\u201d.<\/p>\n<p>Steuerchef Ildiko Vida k\u00f6nne nur eines tun, ohne Verz\u00f6gerung eine Klage wegen Verleumdung einzureichen, sagte Orban \u201cDas ungarische Recht bietet jedem B\u00fcrger die M\u00f6glichkeit, sich zu verteidigen, und ich erwarte, dass jeder hochrangige Staatsbeamte dies in einer solchen Situation tut\u201d, sagte der Premierminister.<\/p>\n<p>Auf eine Frage antwortete Orban, dass, wenn Korruptionsvorw\u00fcrfe bewiesen werden, der Beamte \u201chinter Gitter gehen\u201d werde.<\/p>\n<p>Auf eine weitere Frage bez\u00fcglich der Vorw\u00fcrfe, Ungarn k\u00f6nne als Reaktion auf das US-Verbot auch die Einreise einschr\u00e4nken, sagte Orban, dass \u201cwir als ein Land handeln werden, das stolz auf seine nationale Unabh\u00e4ngigkeit ist, sollte handeln\u201d.<\/p>\n<p>Zu einem anderen Thema sagte Orban, dass seine Fidesz-Partei einen Kandidaten f\u00fcr die Kandidatur in einer entscheidenden Nachwahl f\u00fcr Februar ausgew\u00e4hlt habe, bei der \u00fcber die Zweidrittelmacht des Parteienb\u00fcndnisses im Parlament im westungarischen Veszprem entschieden worden sei. Der Kandidat sei von Tibor Navracsics, dem ehemaligen Stellvertreter von Veszprem, Orban, vorgeschlagen worden. Der Ministerpr\u00e4sident lehnte es ab, die ausgew\u00e4hlte Person zu benennen.<\/p>\n<p>Auf eine weitere Frage antwortete Orban, dass es f\u00fcr Fidesz nicht entscheidend sei, eine Zweidrittelmehrheit zu haben, die die Partei bei der Nachwahl verlieren k\u00f6nnte Er argumentierte, dass alle notwendigen Gesetze, die eine Supermehrheit erforderten, im Zeitraum 2010-2014 verabschiedet worden seienEs ist jedoch wichtig, dass Veszprem und seine Umgebung einen Vertreter im Parlament haben sollten, der \u201cin der Lage ist, ihnen in wichtigen Angelegenheiten zu helfen\u201d, f\u00fcgte er hinzu.<\/p>\n<p>Bez\u00fcglich der j\u00fcngsten Entscheidung der Regierung, die Budapest Bank zu kaufen, sagte Orban, das Ziel sei nicht die Gr\u00fcndung eines gro\u00dfen staatlichen Kreditgebers, sondern die Sicherstellung, dass gen\u00fcgend Bankensektor in ungarischen H\u00e4nden sei, um sicherzustellen, dass die Finanzierung in Krisenzeiten nicht eingestellt werde Er sagte, die \u00dcbernahme der Budapest Bank w\u00fcrde den Anteil des Bankensektors in ungarischen H\u00e4nden \u201eweit \u00fcber 50 Prozent\u201cerh\u00f6hen, ein Schwellenwert, der zuvor von der Regierung als Ziel festgelegt wurde.<\/p>\n<p>Zum Thema Energie sagte Orban, dass \u201cdie Akte \u00fcber die South Stream-Gaspipeline jetzt geschlossen ist\u201d, aber Ungarns Interesse geblieben sei, \u201ceine Gaspipeline zu haben, die in Ungarn ankommt und die Ukraine vermeidet\u201d.<\/p>\n<p>Der Premierminister bestand darauf, dass nach dem Scheitern des Nabucco-Projekts und der anschlie\u00dfenden Notwasserung des South Stream-Projekts nun eine dritte Option vorbereitet werden m\u00fcsse. Er sagte, dass diese Vorbereitungen bereits im Gange seien, und f\u00fcgte hinzu, dass Ungarn die M\u00f6glichkeiten nutzen m\u00fcsse, die sich aus einem k\u00fcrzlich geschlossenen strategischen Abkommen zwischen Ungarn und Aserbaidschan ergeben.<\/p>\n<p>Als Orban \u00fcber einen Vorschlag sprach, Laden\u00f6ffnungen an Sonntagen einzuschr\u00e4nken, sagte er, bei dem Vorschlag gehe es nicht um die Schlie\u00dfung von Gesch\u00e4ften, sondern darum, Arbeitgeber daran zu hindern, Menschen sonntags arbeiten zu lassen.<\/p>\n<p>Orban kommentierte den Haushaltsentwurf 2015 vor dem Parlament und sagte, der Gesetzentwurf zeige, dass die nationale Unabh\u00e4ngigkeit \u201enicht nur gut\u201csei, sondern auch im wirtschaftlichen Sinne n\u00fctzlich\u201d. Er f\u00fcgte hinzu, dass die Politik der Regierung direkt den allt\u00e4glichen wirtschaftlichen Interessen der ungarischen Haushalte gedient habe, und verwies auf niedrigere Energiepreise, niedrige Inflation, den Beginn des Wirtschaftswachstums und mehr Arbeitspl\u00e4tze.<\/p>\n<p><em>Foto: MTI \u2013 Szilard Koszticsak<\/em><\/p>\n","protected":false},"excerpt":{"rendered":"<p>Budapest, 5. Dezember (MTI) \u2013 Die nationale Unabh\u00e4ngigkeit Ungarns wird angegriffen, sagte Premierminister Viktor Orban am Freitag im Zusammenhang mit kritischen Bemerkungen, die k\u00fcrzlich US-Senator John McCain gemacht hatte. Im \u00f6ffentlich-rechtlichen Kossuth Radio nannte Orban McCains Behauptungen \u201cextremistisch\u201d und f\u00fcgte hinzu, dass die \u00c4u\u00dferungen des Senators \u201cdie Person widerspiegeln, die sie gesagt hat\u201d. Am Dienstag [&hellip;]<\/p>\n","protected":false},"author":2,"featured_media":770446,"comment_status":"open","ping_status":"open","sticky":false,"template":"","format":"standard","meta":{"_acf_changed":false,"_display_image":"","footnotes":""},"categories":[1081],"tags":[1577,1128],"class_list":["post-770445","post","type-post","status-publish","format-standard","has-post-thumbnail","hentry","category-politik","tag-vereinigten-staaten","tag-viktor-orban"],"blocksy_meta":[],"acf":[],"author_username":"alk","telegram_post":"","public_post_metadata":{"breaking_news":"","important":"","csempe":"","center_tile":"","disable_thumbnail":"","target_lang":"","_featured_image_style":"","telegram_post":"","_xlat_group_id":""},"public_rank_math_data":{"title":"%title% %sep% %sitename%","description":"","focus_keyword":"","canonical_url":"","robots":"","primary_category":"1081","breadcrumb_title":"","facebook_title":"","facebook_description":"","facebook_image":"","facebook_image_id":"","twitter_title":"","twitter_description":"","twitter_image":"","twitter_image_id":"","twitter_card_type":"","twitter_use_facebook":"","advanced_robots":"","pillar_content":"","seo_score":"","contentai_score":"","rich_snippet":""},"_links":{"self":[{"href":"https:\/\/dailynewshungary.com\/de\/wp-json\/wp\/v2\/posts\/770445","targetHints":{"allow":["GET"]}}],"collection":[{"href":"https:\/\/dailynewshungary.com\/de\/wp-json\/wp\/v2\/posts"}],"about":[{"href":"https:\/\/dailynewshungary.com\/de\/wp-json\/wp\/v2\/types\/post"}],"author":[{"embeddable":true,"href":"https:\/\/dailynewshungary.com\/de\/wp-json\/wp\/v2\/users\/2"}],"replies":[{"embeddable":true,"href":"https:\/\/dailynewshungary.com\/de\/wp-json\/wp\/v2\/comments?post=770445"}],"version-history":[{"count":0,"href":"https:\/\/dailynewshungary.com\/de\/wp-json\/wp\/v2\/posts\/770445\/revisions"}],"wp:featuredmedia":[{"embeddable":true,"href":"https:\/\/dailynewshungary.com\/de\/wp-json\/wp\/v2\/media\/770446"}],"wp:attachment":[{"href":"https:\/\/dailynewshungary.com\/de\/wp-json\/wp\/v2\/media?parent=770445"}],"wp:term":[{"taxonomy":"category","embeddable":true,"href":"https:\/\/dailynewshungary.com\/de\/wp-json\/wp\/v2\/categories?post=770445"},{"taxonomy":"post_tag","embeddable":true,"href":"https:\/\/dailynewshungary.com\/de\/wp-json\/wp\/v2\/tags?post=770445"}],"curies":[{"name":"wp","href":"https:\/\/api.w.org\/{rel}","templated":true}]}}