{"id":770447,"date":"2014-12-05T14:01:21","date_gmt":"2014-12-05T13:01:21","guid":{"rendered":"https:\/\/dailynewshungary.com\/de\/fidesz-legt-anderungsantrage-zum-gesetzentwurf-zur-schliesung-von-einzelhandelsgeschaften-am-sonntag-vor\/"},"modified":"2014-12-05T14:01:21","modified_gmt":"2014-12-05T13:01:21","slug":"fidesz-legt-anderungsantrage-zum-gesetzentwurf-zur-schliesung-von-einzelhandelsgeschaften-am-sonntag-vor","status":"publish","type":"post","link":"https:\/\/dailynewshungary.com\/de\/fidesz-legt-anderungsantrage-zum-gesetzentwurf-zur-schliesung-von-einzelhandelsgeschaften-am-sonntag-vor\/","title":{"rendered":"Fidesz legt \u00c4nderungsantr\u00e4ge zum Gesetzentwurf zur Schlie\u00dfung von Einzelhandelsgesch\u00e4ften am Sonntag vor"},"content":{"rendered":"<p><strong>Budapest (MTI) \u2013 Ein am Donnerstag von der Regierungspartei Fidesz eingereichter \u00c4nderungsantrag \u00fcberschrieb die Pl\u00e4ne der mit j\u00fcngeren Verb\u00fcndeten der Christdemokraten bez\u00fcglich der sonnt\u00e4glichen \u00d6ffnungszeiten von Einzelhandelsgesch\u00e4ften.<\/strong><\/p>\n<p><span style=\"color: #ff0000;\"><strong>Verwandte Artikel:<\/strong><\/span><br \/>\n<span style=\"color: #ff0000;\"><strong><span style=\"color: #ff0000;\"><a href=\"https:\/\/dailynewshungary.com\/de\/business-assoc-warnt-davor-geschafte-sonntags-geschlossen-zu-halten\/\" target=\"_blank\">Business Assoc warnt davor, Gesch\u00e4fte sonntags geschlossen zu halten<\/a><br \/>\n<\/span><\/strong><\/span><strong><a href=\"https:\/\/dailynewshungary.com\/de\/beratungen-zum-verkaufsoffenen-sonntag-seien-noch-im-gange-sagt-pressechef\/\" target=\"_blank\">Beratungen zum verkaufsoffenen Sonntag seien noch im Gange, sagt Pressechef <\/a><\/strong><span style=\"color: #ff0000;\"><strong><span style=\"color: #ff0000;\"><br \/>\n<\/span><\/strong><\/span><\/p>\n<p>Urspr\u00fcnglich w\u00e4ren Gesch\u00e4fte mit einer Fl\u00e4che von weniger als 400 Quadratmetern und Familienunternehmen von den sonnt\u00e4glichen Beschr\u00e4nkungen ausgenommen gewesen, die am 15. M\u00e4rz 2015 in Kraft treten sollen.<\/p>\n<p>Der Fidesz-Vorschlag sah nun eine Begrenzung auf 200 Quadratmeter vor. Au\u00dferdem wurde die Anzahl der vom Verbot ausgenommenen Sonntage zus\u00e4tzlich zur Adventszeit, in der der Sonntagseinkauf nicht zwischen 6 und 10 Uhr begrenzt war, auf einen j\u00e4hrlichen statt urspr\u00fcnglich f\u00fcnf Sonntage begrenzt.<\/p>\n<p>Auch Restaurants bundesweit und Einzelhandelsgesch\u00e4fte im UNESCO-Welterbegebiet Budapests w\u00fcrden nicht in den Geltungsbereich der Gesetzgebung fallen.<\/p>\n<p>Im Einklang mit einer weiteren \u00c4nderung w\u00fcrden Tabakgesch\u00e4fte jedoch am Sonntag geschlossen.<\/p>\n<p>Foto:<\/p>\n","protected":false},"excerpt":{"rendered":"<p>Budapest (MTI) \u2013 Ein am Donnerstag von der Regierungspartei Fidesz eingereichter \u00c4nderungsantrag \u00fcberschrieb die Pl\u00e4ne der mit j\u00fcngeren Verb\u00fcndeten der Christdemokraten bez\u00fcglich der sonnt\u00e4glichen \u00d6ffnungszeiten von Einzelhandelsgesch\u00e4ften. Verwandte Artikel: Business Assoc warnt davor, Gesch\u00e4fte sonntags geschlossen zu halten Beratungen zum verkaufsoffenen Sonntag seien noch im Gange, sagt Pressechef Urspr\u00fcnglich w\u00e4ren Gesch\u00e4fte mit einer Fl\u00e4che von [&hellip;]<\/p>\n","protected":false},"author":2,"featured_media":770448,"comment_status":"open","ping_status":"open","sticky":false,"template":"","format":"standard","meta":{"_acf_changed":false,"_display_image":"","footnotes":""},"categories":[1281],"tags":[1091],"class_list":["post-770447","post","type-post","status-publish","format-standard","has-post-thumbnail","hentry","category-geschaft","tag-fidesz"],"blocksy_meta":[],"acf":[],"author_username":"alk","telegram_post":"","public_post_metadata":{"breaking_news":"","important":"","csempe":"","center_tile":"","disable_thumbnail":"","target_lang":"","_featured_image_style":"","telegram_post":"","_xlat_group_id":""},"public_rank_math_data":{"title":"%title% %sep% %sitename%","description":"","focus_keyword":"","canonical_url":"","robots":"","primary_category":"1281","breadcrumb_title":"","facebook_title":"","facebook_description":"","facebook_image":"","facebook_image_id":"","twitter_title":"","twitter_description":"","twitter_image":"","twitter_image_id":"","twitter_card_type":"","twitter_use_facebook":"","advanced_robots":"","pillar_content":"","seo_score":"","contentai_score":"","rich_snippet":""},"_links":{"self":[{"href":"https:\/\/dailynewshungary.com\/de\/wp-json\/wp\/v2\/posts\/770447","targetHints":{"allow":["GET"]}}],"collection":[{"href":"https:\/\/dailynewshungary.com\/de\/wp-json\/wp\/v2\/posts"}],"about":[{"href":"https:\/\/dailynewshungary.com\/de\/wp-json\/wp\/v2\/types\/post"}],"author":[{"embeddable":true,"href":"https:\/\/dailynewshungary.com\/de\/wp-json\/wp\/v2\/users\/2"}],"replies":[{"embeddable":true,"href":"https:\/\/dailynewshungary.com\/de\/wp-json\/wp\/v2\/comments?post=770447"}],"version-history":[{"count":0,"href":"https:\/\/dailynewshungary.com\/de\/wp-json\/wp\/v2\/posts\/770447\/revisions"}],"wp:featuredmedia":[{"embeddable":true,"href":"https:\/\/dailynewshungary.com\/de\/wp-json\/wp\/v2\/media\/770448"}],"wp:attachment":[{"href":"https:\/\/dailynewshungary.com\/de\/wp-json\/wp\/v2\/media?parent=770447"}],"wp:term":[{"taxonomy":"category","embeddable":true,"href":"https:\/\/dailynewshungary.com\/de\/wp-json\/wp\/v2\/categories?post=770447"},{"taxonomy":"post_tag","embeddable":true,"href":"https:\/\/dailynewshungary.com\/de\/wp-json\/wp\/v2\/tags?post=770447"}],"curies":[{"name":"wp","href":"https:\/\/api.w.org\/{rel}","templated":true}]}}