{"id":770453,"date":"2014-12-05T08:07:50","date_gmt":"2014-12-05T07:07:50","guid":{"rendered":"https:\/\/dailynewshungary.com\/de\/staat-kauft-budapest-bank\/"},"modified":"2014-12-05T08:07:50","modified_gmt":"2014-12-05T07:07:50","slug":"staat-kauft-budapest-bank","status":"publish","type":"post","link":"https:\/\/dailynewshungary.com\/de\/staat-kauft-budapest-bank\/","title":{"rendered":"Staat kauft Budapest Bank"},"content":{"rendered":"<p><strong style=\"font-size: 14px; line-height: 1.5em;\">Budapest (MTI) \u2013 Der ungarische Staat wird die Budapest Bank, Ungarns achtgr\u00f6\u00dften Kreditgeber, vom derzeitigen Eigent\u00fcmer GE kaufen, hat die Regierung angek\u00fcndigt.<\/strong><\/p>\n<p>Die Regierung hat am Donnerstag einen Vorvertrag zum Kauf der Bank unterzeichnet.<\/p>\n<p>Die Transaktion werde voraussichtlich Ende Juli n\u00e4chsten Jahres abgeschlossen, sagte Wirtschaftsminister Mihaly Varga und f\u00fcgte hinzu, dass das Ziel darin bestehe, die Kreditvergabe anzukurbeln.<\/p>\n<p>Die Regierung habe nicht die Absicht, die Bank langfristig zu halten und werde sie zu einem sp\u00e4teren Zeitpunkt verkaufen, sagte er.<\/p>\n<p>2010 habe sich die Regierung vorgenommen, sicherzustellen, dass 50 Prozent des Bankensektors des Landes in ungarischem Besitz sind, bemerkte erDas wird nun mit dem Kauf der Budapest Bank und der MKB erf\u00fcllt und wird den Wettbewerb ankurbeln und die Dienstleistungen verbessernsagte er und f\u00fcgte hinzu, dass es noch zu fr\u00fch sei, um zu sagen, ob die Budapest Bank mit der MKB fusioniert wird.<\/p>\n<p>Im September schloss das Land die \u00dcbernahme der MKB Bank vom deutschen Eigent\u00fcmer BayernLB ab.<\/p>\n","protected":false},"excerpt":{"rendered":"<p>Budapest (MTI) \u2013 Der ungarische Staat wird die Budapest Bank, Ungarns achtgr\u00f6\u00dften Kreditgeber, vom derzeitigen Eigent\u00fcmer GE kaufen, hat die Regierung angek\u00fcndigt. Die Regierung hat am Donnerstag einen Vorvertrag zum Kauf der Bank unterzeichnet. Die Transaktion werde voraussichtlich Ende Juli n\u00e4chsten Jahres abgeschlossen, sagte Wirtschaftsminister Mihaly Varga und f\u00fcgte hinzu, dass das Ziel darin bestehe, [&hellip;]<\/p>\n","protected":false},"author":2,"featured_media":770454,"comment_status":"open","ping_status":"open","sticky":false,"template":"","format":"standard","meta":{"_acf_changed":false,"_display_image":"","footnotes":""},"categories":[1281],"tags":[1066],"class_list":["post-770453","post","type-post","status-publish","format-standard","has-post-thumbnail","hentry","category-geschaft","tag-hungary"],"blocksy_meta":[],"acf":[],"author_username":"alk","telegram_post":"","public_post_metadata":{"breaking_news":"","important":"","csempe":"","center_tile":"","disable_thumbnail":"","target_lang":"","_featured_image_style":"","telegram_post":"","_xlat_group_id":""},"public_rank_math_data":{"title":"%title% %sep% %sitename%","description":"","focus_keyword":"","canonical_url":"","robots":"","primary_category":"1281","breadcrumb_title":"","facebook_title":"","facebook_description":"","facebook_image":"","facebook_image_id":"","twitter_title":"","twitter_description":"","twitter_image":"","twitter_image_id":"","twitter_card_type":"","twitter_use_facebook":"","advanced_robots":"","pillar_content":"","seo_score":"","contentai_score":"","rich_snippet":""},"_links":{"self":[{"href":"https:\/\/dailynewshungary.com\/de\/wp-json\/wp\/v2\/posts\/770453","targetHints":{"allow":["GET"]}}],"collection":[{"href":"https:\/\/dailynewshungary.com\/de\/wp-json\/wp\/v2\/posts"}],"about":[{"href":"https:\/\/dailynewshungary.com\/de\/wp-json\/wp\/v2\/types\/post"}],"author":[{"embeddable":true,"href":"https:\/\/dailynewshungary.com\/de\/wp-json\/wp\/v2\/users\/2"}],"replies":[{"embeddable":true,"href":"https:\/\/dailynewshungary.com\/de\/wp-json\/wp\/v2\/comments?post=770453"}],"version-history":[{"count":0,"href":"https:\/\/dailynewshungary.com\/de\/wp-json\/wp\/v2\/posts\/770453\/revisions"}],"wp:featuredmedia":[{"embeddable":true,"href":"https:\/\/dailynewshungary.com\/de\/wp-json\/wp\/v2\/media\/770454"}],"wp:attachment":[{"href":"https:\/\/dailynewshungary.com\/de\/wp-json\/wp\/v2\/media?parent=770453"}],"wp:term":[{"taxonomy":"category","embeddable":true,"href":"https:\/\/dailynewshungary.com\/de\/wp-json\/wp\/v2\/categories?post=770453"},{"taxonomy":"post_tag","embeddable":true,"href":"https:\/\/dailynewshungary.com\/de\/wp-json\/wp\/v2\/tags?post=770453"}],"curies":[{"name":"wp","href":"https:\/\/api.w.org\/{rel}","templated":true}]}}