{"id":770467,"date":"2014-12-04T10:01:30","date_gmt":"2014-12-04T09:01:30","guid":{"rendered":"https:\/\/dailynewshungary.com\/de\/die-regierung-weist-mccains-kommentare-zu-den-beziehungen-zwischen-orban-und-russland-und-ungarn-zuruck\/"},"modified":"2014-12-04T10:01:30","modified_gmt":"2014-12-04T09:01:30","slug":"die-regierung-weist-mccains-kommentare-zu-den-beziehungen-zwischen-orban-und-russland-und-ungarn-zuruck","status":"publish","type":"post","link":"https:\/\/dailynewshungary.com\/de\/die-regierung-weist-mccains-kommentare-zu-den-beziehungen-zwischen-orban-und-russland-und-ungarn-zuruck\/","title":{"rendered":"Die Regierung weist McCains Kommentare zu den Beziehungen zwischen Orban und Russland und Ungarn zur\u00fcck"},"content":{"rendered":"<p><strong>Budapest (MTI) (Die ungarische Regierung h\u00e4lt die Ausf\u00fchrungen des US-Senators John McCain zum ungarischen Ministerpr\u00e4sidenten Viktor Orban und den Beziehungen zwischen Ungarn und Russland f\u00fcr inakzeptabel und weist sie entschieden zur\u00fcck, erkl\u00e4rte der Staatssekret\u00e4r f\u00fcr Wirtschaftsdiplomatie am Mittwoch bei einem Treffen mit den US-Verfechter Andre Goodfriend.<\/strong><\/p>\n<p>Das Ministerium sagte zuvor, dass Goodfriend im Zusammenhang mit den \u00c4u\u00dferungen des republikanischen Senators McCain bei einer Senatsabstimmung \u00fcber die Ernennung der neuen US-Botschafterin in Budapest Colleen Bell in das B\u00fcro von Levente Magyar berufen worden sei.<\/p>\n<p>W\u00e4hrend des Treffens sagte Magyar gegen\u00fcber Goodfriend, dass Ungarn die Tatsache begr\u00fc\u00dfe, dass dank Bells Ernennung die vollst\u00e4ndige diplomatische Vertretung der USA in Ungarn wiederhergestellt worden sei, teilte das Ministerium in einer Erkl\u00e4rung mit.<\/p>\n<p>Gleichzeitig fordert die Regierung wiederholt hochrangige US-Beamte auf, die Fakten zu \u00fcberpr\u00fcfen, bevor sie Bemerkungen \u00fcber Ungarn machen, um sicherzustellen, dass ihre Aussagen auf der Wahrheit basieren, f\u00fcgte sie hinzu.<\/p>\n<p>Der republikanische Politiker sagte am Dienstag, Ungarn sei \u201eein sehr wichtiges Land, in dem schlimme Dinge passieren\u201cund obwohl es \u201ein vielerlei Hinsicht ein enger Verb\u00fcndeter ist&#8230;\u201d Es besteht kein Zweifel daran, dass der ungarische Premierminister Viktor Orban seit seinem Amtsantritt im Jahr 2010 die Macht zentralisiert hat.\u201d Er bestand auch darauf, dass Ungarn \u201eeine Nation ist, die kurz davor steht, ihre Souver\u00e4nit\u00e4t an einen neofaschistischen Diktator abzugeben, der mit Wladimir Putin ins Bett geht.\u201d<\/p>\n<p>Au\u00dfenminister Peter Szijjarto sagte am Mittwoch gegen\u00fcber MTI, dass die Ungarn bei drei Wahlen im Jahr 2014 f\u00fcr die Unterst\u00fctzung der Regierungsparteien des Landes gestimmt h\u00e4tten \u201cBei allen drei Gelegenheiten haben sie ihre Ansicht klar zum Ausdruck gebracht, und das sollte jeder respektieren\u201d, sagte erWenn jemand seine Meinung zu ungarischen Angelegenheiten ausschlie\u00dflich auf Presseberichte st\u00fctzt, dann k\u00f6nnen sie leicht in die Situation geraten, dass ihre Kommentare nicht in Fakten verwurzelt sind, f\u00fcgte Szijjarto hinzu.<\/p>\n<p>Auf die Frage, ob Ungarn beabsichtige, \u00fcber die Abgabe von Erkl\u00e4rungen hinauszugehen und diplomatische Schritte zu unternehmen, sagte Szijjarto, die ungarische Botschaft in Washington stehe in Kontakt mit den Mitarbeitern des Senators und werde sich mit ihnen \u00fcber seine Bemerkungen und Hintergr\u00fcnde beraten, auf denen sie beruhten.<\/p>\n<p>Er kommentierte, ob Ungarn beabsichtige, Ma\u00dfnahmen zur Verbesserung seiner verschlechterten diplomatischen Beziehungen zu Washington zu ergreifen, und sagte, die Zusammenarbeit zwischen Ungarn und den USA sei in zwei von drei Bereichen, n\u00e4mlich der wirtschaftlichen Zusammenarbeit und der Sicherheitspolitik, ausgezeichnet.<\/p>\n<p>Die US-Botschaft in Budapest lehnte es auf Anfrage von MTI ab, sich zu der Angelegenheit zu \u00e4u\u00dfern.<\/p>\n<p>Der sozialistische F\u00fchrer Jozsef Tobias sagte, die j\u00fcngsten Entwicklungen h\u00e4tten gezeigt, dass die Au\u00dfenpolitik des Premierministers gescheitert sei. Er wies auch darauf hin, dass die kritischen Bemerkungen von einem konservativen US-Politiker und nicht von einem Linken gemacht worden seien.<\/p>\n<p>Gabor Vona, der F\u00fchrer des radikal-nationalistischen Jobbik, interpretierte McCains \u00c4u\u00dferungen als \u201cUS-Druck\u201d und sagte, dass der \u201cwachsende Einfluss\u201d der USA auf die inneren Angelegenheiten Ungarns besorgniserregend sei.<\/p>\n<p>In einer Erkl\u00e4rung erkl\u00e4rte die oppositionelle Partei Together, Orban habe \u201cden Weg verpasst und treibe Ungarn in die falsche Richtung\u201d Die Partei forderte die Regierung auf, mit dem Wiederaufbau des internationalen Vertrauens in Ungarn zu beginnen.<\/p>\n<p>Nach Angaben der Liberalen Partei untergr\u00e4bt die \u201epro-putinfreundliche, autarchische und nationalistische Politik\u201cdes Premierministers den Ruf Ungarns\u201d. Die Partei sagte in einer Erkl\u00e4rung, dass die \u00c4u\u00dferungen des Senators dazu gedacht seien, die Regierung allein und nicht Ungarn als Ganzes oder das ungarische Volk zu kritisieren.<\/p>\n<p><em>Foto: hvg.hu<\/em><\/p>\n","protected":false},"excerpt":{"rendered":"<p>Budapest (MTI) (Die ungarische Regierung h\u00e4lt die Ausf\u00fchrungen des US-Senators John McCain zum ungarischen Ministerpr\u00e4sidenten Viktor Orban und den Beziehungen zwischen Ungarn und Russland f\u00fcr inakzeptabel und weist sie entschieden zur\u00fcck, erkl\u00e4rte der Staatssekret\u00e4r f\u00fcr Wirtschaftsdiplomatie am Mittwoch bei einem Treffen mit den US-Verfechter Andre Goodfriend. Das Ministerium sagte zuvor, dass Goodfriend im Zusammenhang mit [&hellip;]<\/p>\n","protected":false},"author":2,"featured_media":770468,"comment_status":"open","ping_status":"open","sticky":false,"template":"","format":"standard","meta":{"_acf_changed":false,"_display_image":"","footnotes":""},"categories":[1081],"tags":[1577,1128],"class_list":["post-770467","post","type-post","status-publish","format-standard","has-post-thumbnail","hentry","category-politik","tag-vereinigten-staaten","tag-viktor-orban"],"blocksy_meta":[],"acf":[],"author_username":"alk","telegram_post":"","public_post_metadata":{"breaking_news":"","important":"","csempe":"","center_tile":"","disable_thumbnail":"","target_lang":"","_featured_image_style":"","telegram_post":"","_xlat_group_id":""},"public_rank_math_data":{"title":"%title% %sep% %sitename%","description":"","focus_keyword":"","canonical_url":"","robots":"","primary_category":"1081","breadcrumb_title":"","facebook_title":"","facebook_description":"","facebook_image":"","facebook_image_id":"","twitter_title":"","twitter_description":"","twitter_image":"","twitter_image_id":"","twitter_card_type":"","twitter_use_facebook":"","advanced_robots":"","pillar_content":"","seo_score":"","contentai_score":"","rich_snippet":""},"_links":{"self":[{"href":"https:\/\/dailynewshungary.com\/de\/wp-json\/wp\/v2\/posts\/770467","targetHints":{"allow":["GET"]}}],"collection":[{"href":"https:\/\/dailynewshungary.com\/de\/wp-json\/wp\/v2\/posts"}],"about":[{"href":"https:\/\/dailynewshungary.com\/de\/wp-json\/wp\/v2\/types\/post"}],"author":[{"embeddable":true,"href":"https:\/\/dailynewshungary.com\/de\/wp-json\/wp\/v2\/users\/2"}],"replies":[{"embeddable":true,"href":"https:\/\/dailynewshungary.com\/de\/wp-json\/wp\/v2\/comments?post=770467"}],"version-history":[{"count":0,"href":"https:\/\/dailynewshungary.com\/de\/wp-json\/wp\/v2\/posts\/770467\/revisions"}],"wp:featuredmedia":[{"embeddable":true,"href":"https:\/\/dailynewshungary.com\/de\/wp-json\/wp\/v2\/media\/770468"}],"wp:attachment":[{"href":"https:\/\/dailynewshungary.com\/de\/wp-json\/wp\/v2\/media?parent=770467"}],"wp:term":[{"taxonomy":"category","embeddable":true,"href":"https:\/\/dailynewshungary.com\/de\/wp-json\/wp\/v2\/categories?post=770467"},{"taxonomy":"post_tag","embeddable":true,"href":"https:\/\/dailynewshungary.com\/de\/wp-json\/wp\/v2\/tags?post=770467"}],"curies":[{"name":"wp","href":"https:\/\/api.w.org\/{rel}","templated":true}]}}