{"id":770483,"date":"2014-12-03T08:30:20","date_gmt":"2014-12-03T07:30:20","guid":{"rendered":"https:\/\/dailynewshungary.com\/de\/rogan-bestreitet-vorwurfe-er-habe-regelmasig-beruchtigte-kriminelle-getroffen\/"},"modified":"2014-12-03T08:30:20","modified_gmt":"2014-12-03T07:30:20","slug":"rogan-bestreitet-vorwurfe-er-habe-regelmasig-beruchtigte-kriminelle-getroffen","status":"publish","type":"post","link":"https:\/\/dailynewshungary.com\/de\/rogan-bestreitet-vorwurfe-er-habe-regelmasig-beruchtigte-kriminelle-getroffen\/","title":{"rendered":"Rogan bestreitet Vorw\u00fcrfe, er habe regelm\u00e4\u00dfig ber\u00fcchtigte Kriminelle getroffen"},"content":{"rendered":"<p><strong>Budapest, 3. Dezember (MTI) \u2013 Antal Rogan, der Fraktionsvorsitzende der regierenden Fidesz-Partei, hat den Vorwurf zur\u00fcckgewiesen, er habe regelm\u00e4\u00dfig Tamas Portik getroffen, einen ber\u00fcchtigten Kriminellen, der w\u00e4hrend der Regierungszeit von Ferenc Verbindungen zu den Geheimdiensten hatte Gyurcsany.<\/strong><\/p>\n<p>\u201cWenn jemand wissen will, aus welcher Richtung der Wind im Fall Portik weht, dann sollte er mit dem ehemaligen Geheimdienstminister Gyorgy Szilvasy und Ferenc Gyurcsany beginnen\u201d, sagte Rogan am sp\u00e4ten Dienstag gegen\u00fcber MTI.<\/p>\n<p>Rogan reagierte damit auf ein Gerichtsverfahren am selben Tag, in dem Portik, dem vorgeworfen wird, in den 1990 er Jahren ein Attentat und einen Bombenanschlag angeordnet zu haben, sagte, Rogan habe gelogen, als er behauptete, die beiden h\u00e4tten sich nicht gekannt.<\/p>\n<p>Der Fidesz-Beamte stellte fest, dass Portik ein verurteilter Krimineller sei und man dem Wort eines Kriminellen nicht trauen k\u00f6nne.<\/p>\n<p>\u201cIch habe mich nicht regelm\u00e4\u00dfig mit Tamas Portik getroffen..\u201d, sagte er und bezog sich dabei auf eine Tonbandaufzeichnung von Treffen zwischen Portik und Szilvasy, der dem Verbrecher sagte, er solle \u201cf\u00fchrende Fidesz-Politiker diskreditieren\u201d Rogan bemerkte, dass auf dieser Aufnahme sein eigener Name in diesem Zusammenhang erw\u00e4hnt worden sei.<\/p>\n<p><em>Foto: MTI \u2013 Lajos Soos<\/em><\/p>\n","protected":false},"excerpt":{"rendered":"<p>Budapest, 3. Dezember (MTI) \u2013 Antal Rogan, der Fraktionsvorsitzende der regierenden Fidesz-Partei, hat den Vorwurf zur\u00fcckgewiesen, er habe regelm\u00e4\u00dfig Tamas Portik getroffen, einen ber\u00fcchtigten Kriminellen, der w\u00e4hrend der Regierungszeit von Ferenc Verbindungen zu den Geheimdiensten hatte Gyurcsany. \u201cWenn jemand wissen will, aus welcher Richtung der Wind im Fall Portik weht, dann sollte er mit dem [&hellip;]<\/p>\n","protected":false},"author":2,"featured_media":770484,"comment_status":"open","ping_status":"open","sticky":false,"template":"","format":"standard","meta":{"_acf_changed":false,"_display_image":"","footnotes":""},"categories":[1081],"tags":[1091],"class_list":["post-770483","post","type-post","status-publish","format-standard","has-post-thumbnail","hentry","category-politik","tag-fidesz"],"blocksy_meta":[],"acf":[],"author_username":"alk","telegram_post":"","public_post_metadata":{"breaking_news":"","important":"","csempe":"","center_tile":"","disable_thumbnail":"","target_lang":"","_featured_image_style":"","telegram_post":"","_xlat_group_id":""},"public_rank_math_data":{"title":"%title% %sep% %sitename%","description":"","focus_keyword":"","canonical_url":"","robots":"","primary_category":"1081","breadcrumb_title":"","facebook_title":"","facebook_description":"","facebook_image":"","facebook_image_id":"","twitter_title":"","twitter_description":"","twitter_image":"","twitter_image_id":"","twitter_card_type":"","twitter_use_facebook":"","advanced_robots":"","pillar_content":"","seo_score":"","contentai_score":"","rich_snippet":""},"_links":{"self":[{"href":"https:\/\/dailynewshungary.com\/de\/wp-json\/wp\/v2\/posts\/770483","targetHints":{"allow":["GET"]}}],"collection":[{"href":"https:\/\/dailynewshungary.com\/de\/wp-json\/wp\/v2\/posts"}],"about":[{"href":"https:\/\/dailynewshungary.com\/de\/wp-json\/wp\/v2\/types\/post"}],"author":[{"embeddable":true,"href":"https:\/\/dailynewshungary.com\/de\/wp-json\/wp\/v2\/users\/2"}],"replies":[{"embeddable":true,"href":"https:\/\/dailynewshungary.com\/de\/wp-json\/wp\/v2\/comments?post=770483"}],"version-history":[{"count":0,"href":"https:\/\/dailynewshungary.com\/de\/wp-json\/wp\/v2\/posts\/770483\/revisions"}],"wp:featuredmedia":[{"embeddable":true,"href":"https:\/\/dailynewshungary.com\/de\/wp-json\/wp\/v2\/media\/770484"}],"wp:attachment":[{"href":"https:\/\/dailynewshungary.com\/de\/wp-json\/wp\/v2\/media?parent=770483"}],"wp:term":[{"taxonomy":"category","embeddable":true,"href":"https:\/\/dailynewshungary.com\/de\/wp-json\/wp\/v2\/categories?post=770483"},{"taxonomy":"post_tag","embeddable":true,"href":"https:\/\/dailynewshungary.com\/de\/wp-json\/wp\/v2\/tags?post=770483"}],"curies":[{"name":"wp","href":"https:\/\/api.w.org\/{rel}","templated":true}]}}