{"id":770505,"date":"2014-12-01T17:55:01","date_gmt":"2014-12-01T16:55:01","guid":{"rendered":"https:\/\/dailynewshungary.com\/de\/welt-aids-tag-zivile-aktivisten-verweisen-auf-mangel-an-pravention-in-ungarn\/"},"modified":"2014-12-01T17:55:01","modified_gmt":"2014-12-01T16:55:01","slug":"welt-aids-tag-zivile-aktivisten-verweisen-auf-mangel-an-pravention-in-ungarn","status":"publish","type":"post","link":"https:\/\/dailynewshungary.com\/de\/welt-aids-tag-zivile-aktivisten-verweisen-auf-mangel-an-pravention-in-ungarn\/","title":{"rendered":"Welt-Aids-Tag \u2013 Zivile Aktivisten verweisen auf \u201cMangel an Pr\u00e4vention\u201d in Ungarn"},"content":{"rendered":"<p><strong>Budapest, 1. Dezember (MTI) \u201eAmbiss Die HIV-AIDS-Situation in Ungarn war in den letzten 4-5 Jahren von \u201enegativen Tendenzen\u201cgepr\u00e4gt, sagte der Leiter des Civil AIDS Forum auf einer Pressekonferenz am 1. Dezember, dem Welt-Aids-Tag.<\/strong><\/p>\n<p><a href=\"https:\/\/dailynewshungary.com\/wp-content\/uploads\/2014\/12\/Download-2.jpg\" data-pswp-width=\"\" data-pswp-height=\"\" data-cropped=\"true\"><img loading=\"lazy\" decoding=\"async\" class=\" wp-image-12426 alignright\" alt=\"Herunterladen (2)\" src=\"https:\/\/dailynewshungary.com\/wp-content\/uploads\/2014\/12\/Download-2.jpg\" width=\"319\" height=\"480\" srcset=\"https:\/\/contentf5.dailynewshungary.com\/wp-content\/uploads\/2014\/12\/Download-2.jpg 399w, https:\/\/contentf5.dailynewshungary.com\/wp-content\/uploads\/2014\/12\/Download-2-199x300.jpg 199w\" sizes=\"auto, (max-width: 319px) 100vw, 319px\"><\/a>Laszlo Mocsonaki beharrte darauf, dass es im Land \u201ctats\u00e4chlich keine AIDS-Pr\u00e4vention\u201d gebe, er verwies auf offizielle Gesundheitszahlen und sagte, dass in Ungarn im ersten Halbjahr mehr Menschen gestorben seien als im gleichen Zeitraum des Jahres 2013.<\/p>\n<p>Obwohl im Dezember 2013 eine nationale AIDS-Taskforce eingerichtet wurde, sei \u201ekeine inhaltliche Arbeit geleistet worden\u201csagte Mocsonaki\u201d Er f\u00fcgte hinzu, dass bei der ersten Sitzung des Gremiums ein Arbeitsplan ausgearbeitet wurde, der Entwurf jedoch weder f\u00fcr umfassendere Konsultationen angeboten wurde noch jemals genehmigt wurde.<\/p>\n<p>Menschen im Gesundheitswesen seien nicht ausreichend \u00fcber HIV-Infektionen informiert und es komme h\u00e4ufig vor, dass AIDS-Patienten in sp\u00e4ten Stadien der ausgewachsenen Krankheit in Krankenh\u00e4usern auftauchen, betonte Mocsonaki. Er forderte eine umfassende Anti-HIV\/AIDS-Strategie auf der Grundlage von Experten und Zivilaktivisten.<\/p>\n<p>Mocsonaki sagte, dass die Regierung zwar im vergangenen Jahr 15 Millionen Forint zur Pr\u00e4vention verteilt habe, die Summe jedoch zu gering f\u00fcr effiziente Bem\u00fchungen sei.<\/p>\n<p>Agnes Foldi, eine Aktivistin der Gruppe, sagte, dass dem AIDS-Forum vom norwegischen Fonds eine Summe von 20,7 Millionen Forint (67.500 Euro) f\u00fcr Pr\u00e4ventionsprogramme in f\u00fcnf ungarischen St\u00e4dten gew\u00e4hrt worden sei, die sich an Drogenkonsumenten, Prostituierte und die Schwulengemeinschaft richteten.<\/p>\n<p>Nach Angaben des Nationalen Epidemiologiezentrums starben in Ungarn in den ersten neun Monaten des Jahres 2014 11 Menschen an AIDS, vier mehr als im letzten Jahr Nach Angaben des Zentrums werden derzeit 36 Menschen mit AIDS-bedingten Problemen behandelt, w\u00e4hrend im Jahr 2014 bisher 209 Menschen mit einer HIV-Infektion registriert waren.<\/p>\n<p>Im Vergleich dazu zitierte das Zentrum Zahlen der Weltgesundheitsorganisation und gab an, dass im vergangenen Jahr in der gesamten Europ\u00e4ischen Union 29.000 neue HIV-F\u00e4lle registriert wurden und etwa 1.000 Menschen an AIDS gestorben seien.<\/p>\n<p><em>Foto: MTI \u2013 Zoltan Mathe<\/em><\/p>\n","protected":false},"excerpt":{"rendered":"<p>Budapest, 1. Dezember (MTI) \u201eAmbiss Die HIV-AIDS-Situation in Ungarn war in den letzten 4-5 Jahren von \u201enegativen Tendenzen\u201cgepr\u00e4gt, sagte der Leiter des Civil AIDS Forum auf einer Pressekonferenz am 1. Dezember, dem Welt-Aids-Tag. Laszlo Mocsonaki beharrte darauf, dass es im Land \u201ctats\u00e4chlich keine AIDS-Pr\u00e4vention\u201d gebe, er verwies auf offizielle Gesundheitszahlen und sagte, dass in Ungarn [&hellip;]<\/p>\n","protected":false},"author":2,"featured_media":770506,"comment_status":"open","ping_status":"open","sticky":false,"template":"","format":"standard","meta":{"_acf_changed":false,"_display_image":"","footnotes":""},"categories":[1098],"tags":[1107],"class_list":["post-770505","post","type-post","status-publish","format-standard","has-post-thumbnail","hentry","category-gesellschaft","tag-gesundheit"],"blocksy_meta":[],"acf":[],"author_username":"alk","telegram_post":"","public_post_metadata":{"breaking_news":"","important":"","csempe":"","center_tile":"","disable_thumbnail":"","target_lang":"","_featured_image_style":"","telegram_post":"","_xlat_group_id":""},"public_rank_math_data":{"title":"%title% %sep% %sitename%","description":"","focus_keyword":"","canonical_url":"","robots":"","primary_category":"1098","breadcrumb_title":"","facebook_title":"","facebook_description":"","facebook_image":"","facebook_image_id":"","twitter_title":"","twitter_description":"","twitter_image":"","twitter_image_id":"","twitter_card_type":"","twitter_use_facebook":"","advanced_robots":"","pillar_content":"","seo_score":"","contentai_score":"","rich_snippet":""},"_links":{"self":[{"href":"https:\/\/dailynewshungary.com\/de\/wp-json\/wp\/v2\/posts\/770505","targetHints":{"allow":["GET"]}}],"collection":[{"href":"https:\/\/dailynewshungary.com\/de\/wp-json\/wp\/v2\/posts"}],"about":[{"href":"https:\/\/dailynewshungary.com\/de\/wp-json\/wp\/v2\/types\/post"}],"author":[{"embeddable":true,"href":"https:\/\/dailynewshungary.com\/de\/wp-json\/wp\/v2\/users\/2"}],"replies":[{"embeddable":true,"href":"https:\/\/dailynewshungary.com\/de\/wp-json\/wp\/v2\/comments?post=770505"}],"version-history":[{"count":0,"href":"https:\/\/dailynewshungary.com\/de\/wp-json\/wp\/v2\/posts\/770505\/revisions"}],"wp:featuredmedia":[{"embeddable":true,"href":"https:\/\/dailynewshungary.com\/de\/wp-json\/wp\/v2\/media\/770506"}],"wp:attachment":[{"href":"https:\/\/dailynewshungary.com\/de\/wp-json\/wp\/v2\/media?parent=770505"}],"wp:term":[{"taxonomy":"category","embeddable":true,"href":"https:\/\/dailynewshungary.com\/de\/wp-json\/wp\/v2\/categories?post=770505"},{"taxonomy":"post_tag","embeddable":true,"href":"https:\/\/dailynewshungary.com\/de\/wp-json\/wp\/v2\/tags?post=770505"}],"curies":[{"name":"wp","href":"https:\/\/api.w.org\/{rel}","templated":true}]}}