{"id":770543,"date":"2014-11-28T20:30:23","date_gmt":"2014-11-28T19:30:23","guid":{"rendered":"https:\/\/dailynewshungary.com\/de\/orban-ermutigt-sudkoreanische-unternehmen-in-ungarn-zu-investieren\/"},"modified":"2014-11-28T20:30:23","modified_gmt":"2014-11-28T19:30:23","slug":"orban-ermutigt-sudkoreanische-unternehmen-in-ungarn-zu-investieren","status":"publish","type":"post","link":"https:\/\/dailynewshungary.com\/de\/orban-ermutigt-sudkoreanische-unternehmen-in-ungarn-zu-investieren\/","title":{"rendered":"Orban ermutigt s\u00fcdkoreanische Unternehmen, in Ungarn zu investieren"},"content":{"rendered":"<p><strong>Seoul, 28. November (MTI) 28. November (MTI) Premierminister Viktor Orban ermutigte s\u00fcdkoreanische Unternehmen am Freitag auf einem Wirtschaftsforum in Seoul, in Ungarn zu investieren und die im Rahmen seiner Wirtschaftsstrategie angebotenen Anreize zu nutzen.<\/strong><\/p>\n<p>In seiner Ansprache bei der Veranstaltung, an der 200 s\u00fcdkoreanische und ungarische Gesch\u00e4ftsleute teilnahmen, erw\u00e4hnte Orban die ungarische Agrar- und Lebensmittelindustrie und bestand darauf, dass Ungarn die strengsten Lebensmittelsicherheitsvorschriften in ganz Europa habe und die Verfassung des Landes GVO vollst\u00e4ndig verbiete.<\/p>\n<p>Der Premierminister sagte, die Regierung sei bestrebt, die g\u00fcnstigsten industriellen Energiepreise in Europa bereitzustellen.<\/p>\n<p>Sp\u00e4ter besuchte Orban den Hauptsitz von Samsung in Suwon, wo er und die ihn begleitenden Minister Gespr\u00e4che mit den Unternehmensf\u00fchrern f\u00fchrten.<\/p>\n<p>Istvan Facsko, der CEO von Samsung Electronics Ungarn, sagte Reportern, dass sie bei dem Treffen das strategische Partnerschaftsabkommen \u00fcberpr\u00fcft h\u00e4tten, das die ungarische Regierung letztes Jahr mit dem Unternehmen geschlossen hatte, und zuk\u00fcnftige Kooperationsm\u00f6glichkeiten gepr\u00fcft h\u00e4tten.<\/p>\n<p>Er best\u00e4tigte, dass auch die M\u00f6glichkeit weiterer Entwicklungsprojekte von Samsung Ungarn angesprochen worden sei, lehnte es jedoch ab, weitere Einzelheiten zu nennen.<\/p>\n<p>Orban an der Spitze einer Delegation stattet S\u00fcdkorea am 27-29. November einen offiziellen Besuch ab. Auf dem Zeitplan steht ein Besuch der koreanischen entmilitarisierten Zone an der Grenze zu Nordkorea am Samstagmorgen Ortszeit.<\/p>\n<p><em>Foto: MTI<\/em><\/p>\n","protected":false},"excerpt":{"rendered":"<p>Seoul, 28. November (MTI) 28. November (MTI) Premierminister Viktor Orban ermutigte s\u00fcdkoreanische Unternehmen am Freitag auf einem Wirtschaftsforum in Seoul, in Ungarn zu investieren und die im Rahmen seiner Wirtschaftsstrategie angebotenen Anreize zu nutzen. In seiner Ansprache bei der Veranstaltung, an der 200 s\u00fcdkoreanische und ungarische Gesch\u00e4ftsleute teilnahmen, erw\u00e4hnte Orban die ungarische Agrar- und Lebensmittelindustrie [&hellip;]<\/p>\n","protected":false},"author":2,"featured_media":770544,"comment_status":"open","ping_status":"open","sticky":false,"template":"","format":"standard","meta":{"_acf_changed":false,"_display_image":"","footnotes":""},"categories":[1281],"tags":[1128],"class_list":["post-770543","post","type-post","status-publish","format-standard","has-post-thumbnail","hentry","category-geschaft","tag-viktor-orban"],"blocksy_meta":[],"acf":[],"author_username":"alk","telegram_post":"","public_post_metadata":{"breaking_news":"","important":"","csempe":"","center_tile":"","disable_thumbnail":"","target_lang":"","_featured_image_style":"","telegram_post":"","_xlat_group_id":""},"public_rank_math_data":{"title":"%title% %sep% %sitename%","description":"","focus_keyword":"","canonical_url":"","robots":"","primary_category":"1281","breadcrumb_title":"","facebook_title":"","facebook_description":"","facebook_image":"","facebook_image_id":"","twitter_title":"","twitter_description":"","twitter_image":"","twitter_image_id":"","twitter_card_type":"","twitter_use_facebook":"","advanced_robots":"","pillar_content":"","seo_score":"","contentai_score":"","rich_snippet":""},"_links":{"self":[{"href":"https:\/\/dailynewshungary.com\/de\/wp-json\/wp\/v2\/posts\/770543","targetHints":{"allow":["GET"]}}],"collection":[{"href":"https:\/\/dailynewshungary.com\/de\/wp-json\/wp\/v2\/posts"}],"about":[{"href":"https:\/\/dailynewshungary.com\/de\/wp-json\/wp\/v2\/types\/post"}],"author":[{"embeddable":true,"href":"https:\/\/dailynewshungary.com\/de\/wp-json\/wp\/v2\/users\/2"}],"replies":[{"embeddable":true,"href":"https:\/\/dailynewshungary.com\/de\/wp-json\/wp\/v2\/comments?post=770543"}],"version-history":[{"count":0,"href":"https:\/\/dailynewshungary.com\/de\/wp-json\/wp\/v2\/posts\/770543\/revisions"}],"wp:featuredmedia":[{"embeddable":true,"href":"https:\/\/dailynewshungary.com\/de\/wp-json\/wp\/v2\/media\/770544"}],"wp:attachment":[{"href":"https:\/\/dailynewshungary.com\/de\/wp-json\/wp\/v2\/media?parent=770543"}],"wp:term":[{"taxonomy":"category","embeddable":true,"href":"https:\/\/dailynewshungary.com\/de\/wp-json\/wp\/v2\/categories?post=770543"},{"taxonomy":"post_tag","embeddable":true,"href":"https:\/\/dailynewshungary.com\/de\/wp-json\/wp\/v2\/tags?post=770543"}],"curies":[{"name":"wp","href":"https:\/\/api.w.org\/{rel}","templated":true}]}}