{"id":770545,"date":"2014-11-28T19:05:43","date_gmt":"2014-11-28T18:05:43","guid":{"rendered":"https:\/\/dailynewshungary.com\/de\/liberale-demokratien-schaffen-freiheit-und-wohlstand-sagt-der-sozialistische-fuhrer\/"},"modified":"2014-11-28T19:05:43","modified_gmt":"2014-11-28T18:05:43","slug":"liberale-demokratien-schaffen-freiheit-und-wohlstand-sagt-der-sozialistische-fuhrer","status":"publish","type":"post","link":"https:\/\/dailynewshungary.com\/de\/liberale-demokratien-schaffen-freiheit-und-wohlstand-sagt-der-sozialistische-fuhrer\/","title":{"rendered":"Liberale Demokratien schaffen Freiheit und Wohlstand, sagt der sozialistische F\u00fchrer"},"content":{"rendered":"<p><strong>Budapest, 28. November (MTI) \u201eLiberale Demokratien werden Freiheit und Wohlstand schaffen, sagte der F\u00fchrer der oppositionellen Sozialisten heute auf einer internationalen Konferenz \u00fcber illiberale Demokratien in Budapest.<\/strong><\/p>\n<p>In den letzten f\u00fcnf Jahren habe der Premierminister eine kritische Haltung gegen\u00fcber dem Westen ersetzt, indem er ein Bild davon vermittelt habe, wie er in der Krise k\u00e4mpft und auf den Untergang zusteuert, sagte Jozsef Tobias. Viktor Orban argumentiert, dass die Befolgung des westlichen Modells nirgendwohin f\u00fchren w\u00fcrde, daher m\u00fcsse Ungarn ein eigenes System aufbauen, sagte er.<\/p>\n<p>Orban, sagte er, habe eine Welle der Ern\u00fcchterung in Demokratien westlichen Typs geritten, die von einem gro\u00dfen Teil der ungarischen Gesellschaft geteilt werde. Teile von Orbans \u201cDiagnose\u201d seien richtig, aber er untersch\u00e4tze die Vitalit\u00e4t westlicher Demokratien, f\u00fcgte er hinzu.<\/p>\n<p>Tobias verglich Orbans Herrschaft mit der Putins, die Rechtsstaatlichkeit ablehnt, die M\u00f6glichkeit einer rotierenden politischen Herrschaft einschr\u00e4nkt, ohne Opposition regiert und das Parlament auf die Ebene einer debattierenden Gesellschaft degradiert.<\/p>\n<p>Tobias sagte, die Parteien der demokratischen Opposition m\u00fcssten ihre Politik auf Freiheit und Demokratie als Alternative zu Orbans Politik ausrichten.<\/p>\n<p>Ernst Stetter, Generalsekret\u00e4r der Stiftung f\u00fcr Europ\u00e4ische Fortschrittsstudien mit Sitz in Br\u00fcssel, sagte, die ungarische Regierung gebe vor, eine Rechtsstaatlichkeit zu beachten, w\u00e4hrend sie Gesetze mit r\u00fcckwirkender Wirkung verabschiedete, Schritte gegen Privateigentum und Minderheiten unternahm und untergrub die Verfassung.<\/p>\n<p>Ohne Rechtsstaatlichkeit k\u00f6nnte die Macht einer Mehrheit gef\u00e4hrlich werden und zur Erosion der Freiheit f\u00fchren; die Demokratie werde zu einer blo\u00dfen Fassade degradiert, ohne europ\u00e4ische Werte im R\u00fccken, beharrte StetterUngarn k\u00f6nne heute nicht der Europ\u00e4ischen Union beitreten, weil das Land die Kriterien der Demokratie der Gemeinschaft nicht erf\u00fclle, sagte er.<\/p>\n<p>Der Politikwissenschaftler Tamas Boros, Co-Leiter der Denkfabrik Policy Solutions, die die Konferenz mitorganisierte, sagte, dass es bis 2005 etwa 120 \u201cechte Demokratien\u201d auf der Welt gab, aber seitdem ist ihre Zahl auf etwa 90 gesunken. Er warnte, dass die meisten L\u00e4nder, die aus dem demokratischen Lager verschwunden sind, keine offenen Diktaturen, sondern illiberale Demokratien seien, in denen zwar offenbar alle demokratischen Institutionen vorhanden seien, sie aber nicht dem Volk dienen. Diese L\u00e4nder scheinen demokratisch zu sein, sind es aber tats\u00e4chlich nicht, f\u00fcgte er hinzu.<\/p>\n<p><em>Foto: MTI \u2013 Attila Kovacs<\/em><\/p>\n","protected":false},"excerpt":{"rendered":"<p>Budapest, 28. November (MTI) \u201eLiberale Demokratien werden Freiheit und Wohlstand schaffen, sagte der F\u00fchrer der oppositionellen Sozialisten heute auf einer internationalen Konferenz \u00fcber illiberale Demokratien in Budapest. In den letzten f\u00fcnf Jahren habe der Premierminister eine kritische Haltung gegen\u00fcber dem Westen ersetzt, indem er ein Bild davon vermittelt habe, wie er in der Krise k\u00e4mpft [&hellip;]<\/p>\n","protected":false},"author":2,"featured_media":770546,"comment_status":"open","ping_status":"open","sticky":false,"template":"","format":"standard","meta":{"_acf_changed":false,"_display_image":"","footnotes":""},"categories":[1081],"tags":[1695],"class_list":["post-770545","post","type-post","status-publish","format-standard","has-post-thumbnail","hentry","category-politik","tag-sozialisten"],"blocksy_meta":[],"acf":[],"author_username":"alk","telegram_post":"","public_post_metadata":{"breaking_news":"","important":"","csempe":"","center_tile":"","disable_thumbnail":"","target_lang":"","_featured_image_style":"","telegram_post":"","_xlat_group_id":""},"public_rank_math_data":{"title":"%title% %sep% %sitename%","description":"","focus_keyword":"","canonical_url":"","robots":"","primary_category":"1081","breadcrumb_title":"","facebook_title":"","facebook_description":"","facebook_image":"","facebook_image_id":"","twitter_title":"","twitter_description":"","twitter_image":"","twitter_image_id":"","twitter_card_type":"","twitter_use_facebook":"","advanced_robots":"","pillar_content":"","seo_score":"","contentai_score":"","rich_snippet":""},"_links":{"self":[{"href":"https:\/\/dailynewshungary.com\/de\/wp-json\/wp\/v2\/posts\/770545","targetHints":{"allow":["GET"]}}],"collection":[{"href":"https:\/\/dailynewshungary.com\/de\/wp-json\/wp\/v2\/posts"}],"about":[{"href":"https:\/\/dailynewshungary.com\/de\/wp-json\/wp\/v2\/types\/post"}],"author":[{"embeddable":true,"href":"https:\/\/dailynewshungary.com\/de\/wp-json\/wp\/v2\/users\/2"}],"replies":[{"embeddable":true,"href":"https:\/\/dailynewshungary.com\/de\/wp-json\/wp\/v2\/comments?post=770545"}],"version-history":[{"count":0,"href":"https:\/\/dailynewshungary.com\/de\/wp-json\/wp\/v2\/posts\/770545\/revisions"}],"wp:featuredmedia":[{"embeddable":true,"href":"https:\/\/dailynewshungary.com\/de\/wp-json\/wp\/v2\/media\/770546"}],"wp:attachment":[{"href":"https:\/\/dailynewshungary.com\/de\/wp-json\/wp\/v2\/media?parent=770545"}],"wp:term":[{"taxonomy":"category","embeddable":true,"href":"https:\/\/dailynewshungary.com\/de\/wp-json\/wp\/v2\/categories?post=770545"},{"taxonomy":"post_tag","embeddable":true,"href":"https:\/\/dailynewshungary.com\/de\/wp-json\/wp\/v2\/tags?post=770545"}],"curies":[{"name":"wp","href":"https:\/\/api.w.org\/{rel}","templated":true}]}}