{"id":770601,"date":"2014-11-25T07:44:07","date_gmt":"2014-11-25T06:44:07","guid":{"rendered":"https:\/\/dailynewshungary.com\/de\/ungarische-gulag-arbeiter-erinnern-sich-an-die-abrufbare-konferenz\/"},"modified":"2014-11-25T07:44:07","modified_gmt":"2014-11-25T06:44:07","slug":"ungarische-gulag-arbeiter-erinnern-sich-an-die-abrufbare-konferenz","status":"publish","type":"post","link":"https:\/\/dailynewshungary.com\/de\/ungarische-gulag-arbeiter-erinnern-sich-an-die-abrufbare-konferenz\/","title":{"rendered":"Ungarische Gulag-Arbeiter erinnern sich an die abrufbare Konferenz"},"content":{"rendered":"<p><strong>Budapest, 24. November (MTI) ie Gedenkfeier f\u00fcr die 800.000 Ungarn, die w\u00e4hrend und nach dem Zweiten Weltkrieg in Zwangsarbeitslager in der Sowjetunion gebracht wurden, fand am Montag auf einer internationalen Konferenz statt.<\/strong><\/p>\n<p>Andras Majorszki, der Pr\u00e4sident der Gesellschaft der Internationalen Gulag-Forscher, sagte in Szerencs, dass es in der ungarischen Gesellschaft lange Zeit f\u00e4llig sei, sich dem Andenken Hunderttausender unschuldiger Ungarn zu beugen, die 1944-45 von den Beh\u00f6rden des totalit\u00e4ren Regimes Stalins in Internierungs- und Arbeitslager gezwungen wurden, im Nordosten Ungarns.<\/p>\n<p>Janos Havasi, ein Forscher, forderte die Einrichtung eines Forschungszentrums zur Sammlung von Archivmaterialien, pers\u00f6nlichen Konten und Studien. Die russischen Beh\u00f6rden h\u00e4tten Ende der 1990er Jahre mehrere Dokumente an Ungarn \u00fcbergeben, sagte er.<\/p>\n<p>Die Forschungsarbeiten im Gulag in der Region Donezk seien heute aufgrund des aktuellen bewaffneten Konflikts dort ernsthaft behindert, stellte er fest.<\/p>\n<p>Das Parlament erkl\u00e4rte 2012 den 25. November zum Tag der politischen Gefangenen und Zwangsarbeiter in der Sowjetunion.<\/p>\n<p>Die Zahl derjenigen, die hingerichtet wurden oder an Hunger oder Krankheit starben, wird auf 200.000 gesch\u00e4tzt.<\/p>\n<p><em>Foto:&nbsp;<a href=\"http:\/\/www.historia.hu\/archivum\/2011\/tart1110.htm\" data-ved=\"0CAYQjB0\" target=\"_blank\" rel=\"noopener\">www.historia.hu<\/a><\/em><\/p>\n","protected":false},"excerpt":{"rendered":"<p>Budapest, 24. November (MTI) ie Gedenkfeier f\u00fcr die 800.000 Ungarn, die w\u00e4hrend und nach dem Zweiten Weltkrieg in Zwangsarbeitslager in der Sowjetunion gebracht wurden, fand am Montag auf einer internationalen Konferenz statt. Andras Majorszki, der Pr\u00e4sident der Gesellschaft der Internationalen Gulag-Forscher, sagte in Szerencs, dass es in der ungarischen Gesellschaft lange Zeit f\u00e4llig sei, sich [&hellip;]<\/p>\n","protected":false},"author":2,"featured_media":770602,"comment_status":"open","ping_status":"open","sticky":false,"template":"","format":"standard","meta":{"_acf_changed":false,"_display_image":"","footnotes":""},"categories":[1098],"tags":[1125],"class_list":["post-770601","post","type-post","status-publish","format-standard","has-post-thumbnail","hentry","category-gesellschaft","tag-geschichte"],"blocksy_meta":[],"acf":[],"author_username":"alk","telegram_post":"","public_post_metadata":{"breaking_news":"","important":"","csempe":"","center_tile":"","disable_thumbnail":"","target_lang":"","_featured_image_style":"","telegram_post":"","_xlat_group_id":""},"public_rank_math_data":{"title":"%title% %sep% %sitename%","description":"","focus_keyword":"","canonical_url":"","robots":"","primary_category":"1098","breadcrumb_title":"","facebook_title":"","facebook_description":"","facebook_image":"","facebook_image_id":"","twitter_title":"","twitter_description":"","twitter_image":"","twitter_image_id":"","twitter_card_type":"","twitter_use_facebook":"","advanced_robots":"","pillar_content":"","seo_score":"","contentai_score":"","rich_snippet":""},"_links":{"self":[{"href":"https:\/\/dailynewshungary.com\/de\/wp-json\/wp\/v2\/posts\/770601","targetHints":{"allow":["GET"]}}],"collection":[{"href":"https:\/\/dailynewshungary.com\/de\/wp-json\/wp\/v2\/posts"}],"about":[{"href":"https:\/\/dailynewshungary.com\/de\/wp-json\/wp\/v2\/types\/post"}],"author":[{"embeddable":true,"href":"https:\/\/dailynewshungary.com\/de\/wp-json\/wp\/v2\/users\/2"}],"replies":[{"embeddable":true,"href":"https:\/\/dailynewshungary.com\/de\/wp-json\/wp\/v2\/comments?post=770601"}],"version-history":[{"count":0,"href":"https:\/\/dailynewshungary.com\/de\/wp-json\/wp\/v2\/posts\/770601\/revisions"}],"wp:featuredmedia":[{"embeddable":true,"href":"https:\/\/dailynewshungary.com\/de\/wp-json\/wp\/v2\/media\/770602"}],"wp:attachment":[{"href":"https:\/\/dailynewshungary.com\/de\/wp-json\/wp\/v2\/media?parent=770601"}],"wp:term":[{"taxonomy":"category","embeddable":true,"href":"https:\/\/dailynewshungary.com\/de\/wp-json\/wp\/v2\/categories?post=770601"},{"taxonomy":"post_tag","embeddable":true,"href":"https:\/\/dailynewshungary.com\/de\/wp-json\/wp\/v2\/tags?post=770601"}],"curies":[{"name":"wp","href":"https:\/\/api.w.org\/{rel}","templated":true}]}}