{"id":770622,"date":"2014-11-23T12:24:06","date_gmt":"2014-11-23T11:24:06","guid":{"rendered":"https:\/\/dailynewshungary.com\/de\/lehrer-protestieren-gegen-den-haushalt-2015-und-die-reform-der-offentlichen-bildung\/"},"modified":"2014-11-23T12:24:06","modified_gmt":"2014-11-23T11:24:06","slug":"lehrer-protestieren-gegen-den-haushalt-2015-und-die-reform-der-offentlichen-bildung","status":"publish","type":"post","link":"https:\/\/dailynewshungary.com\/de\/lehrer-protestieren-gegen-den-haushalt-2015-und-die-reform-der-offentlichen-bildung\/","title":{"rendered":"Lehrer protestieren gegen den Haushalt 2015 und die Reform der \u00f6ffentlichen Bildung"},"content":{"rendered":"<p><strong>Budapest (MTI) \u2013 Lehrer veranstalteten am Samstag in Budapest eine Demonstration, um gegen den Haushalt 2015 und die geplante Reform des \u00f6ffentlichen Bildungswesens zu protestieren.<\/strong><\/p>\n<p>Die Leiterin der Lehrergewerkschaft PSZ Piroska Gallo sagte den Protestierenden, die die Stra\u00dfe vor dem B\u00fcro des Staatssekret\u00e4rs f\u00fcr \u00f6ffentliches Bildungswesen f\u00fcllten, dass es, obwohl der 22. November der Tag der \u00f6ffentlichen Bildung sei, derzeit keinen Grund zum Feiern gebeWenn das Parlament der Haushaltsvorlage 2015 in ihrer jetzigen Form und den \u00c4nderungen zustimmt, die die PSZ als sch\u00e4dlich f\u00fcr die \u00f6ffentliche Bildung ansieht, dann wird die Zukunft der Kinder und Ungarns unwiderruflich gesch\u00e4digt, f\u00fcgte sie hinzu.<\/p>\n<p>Martin Romer, Generalsekret\u00e4r des Europ\u00e4ischen Gewerkschaftsausschusses f\u00fcr Bildung, sagte der Veranstaltung, er sei gekommen, um die Solidarit\u00e4t von 13 Millionen Kollegen aus 135 Mitgliedsorganisationen in 42 L\u00e4ndern zu teilen. Die ungarische Regierung h\u00f6re den Lehrern nicht zu und gebe keinen Hinweis darauf, sie in den Dialog einbeziehen zu wollen, f\u00fcgte er hinzu.<\/p>\n<p>Die Gewerkschaft reichte am Ende der Demonstration eine Petition bei einem Vertreter des Staatssekret\u00e4rb\u00fcros ein, sie fordern, dass die weitere Umgestaltung des \u00f6ffentlichen Bildungswesens gestoppt werden solle, bis vorl\u00e4ufige Wirkungsstudien vorliegen und echte Beratungen stattfinden Au\u00dferdem solle die Regierung ihre Pl\u00e4ne zur Umgestaltung der Berufsbildung und die zentrale staatliche Stelle f\u00fcr die Schulverwaltung, das Klebelsberg-Institut (KLIK), \u00f6ffentlich machen, hei\u00dft es in der Petition.<\/p>\n<p>Die Demonstration endete friedlich.<\/p>\n<p>Nach der Demonstration rief der Leiter der Lehrergewerkschaft PDSZ Laszlo Mendrey alle im \u00f6ffentlichen Bildungswesen t\u00e4tigen Gewerkschaften auf, ihre Kr\u00e4fte zu b\u00fcndelnWenn die Regierung den Protest nicht ernst nimmt, dann wird ein Streik unvermeidbar seinf\u00fcgte er hinzu.<\/p>\n<p>Der Leiter der Nationalen Lehrerkammer, Peter Horvath, sagte am Samstag gegen\u00fcber MTI, dass auf der Grundlage des Haushaltsentwurfs f\u00fcr das n\u00e4chste Jahr keine Entlassungen zu erwarten seien und die Ressourcen f\u00fcr die Erf\u00fcllung der Anforderungen des Karrierewegprogramms der Lehrer zur Verf\u00fcgung st\u00fcnden. Die Mittelzuweisung f\u00fcr Bildung und Unterst\u00fctzung f\u00fcr Klik werde f\u00fcr einen sicheren Betrieb ausreichen, f\u00fcgte er hinzu.<\/p>\n<p>Die Fraktion der regierenden Fidesz-Partei sagte in einer Erkl\u00e4rung als Reaktion auf die Demonstration, dass die fr\u00fcheren Regierungen von Ferenc Gyurcsany und Gordon Bajnai den Lehrern zwar einen Monatslohn weggenommen und etwa zehntausend von ihnen entlassen h\u00e4tten, derzeit jedoch das gr\u00f6\u00dfte Lohnerh\u00f6hungsprogramm seit der Zeit. Der kommunistische Wandel ist im Gange und die Haushaltsrechnung zeigt, dass im n\u00e4chsten Jahr 50 Milliarden mehr f\u00fcr die \u00f6ffentliche Bildung ausgegeben werden als in diesem Jahr.<\/p>\n<p>Die oppositionellen Sozialisten sagten, dass die Bildungspolitik der Regierung nicht den Interessen ungarischer Kinder diene. Die Abgeordnete Agnes Kunhalmi sagte, in Ungarn sei eine allgemeine politische und wirtschaftliche Krise im Gange und die Sozialisten fordern eine wissensbasierte Gesellschaft.<\/p>\n<p>Der radikale Nationalist Jobbik solidarisierte sich mit den LehrernDie drastische Reduzierung der Kapazit\u00e4ten der weiterf\u00fchrenden Schulen ist laut Jobbiks Aussage eine schlechte Entscheidung, die die Probleme der Berufsausbildung, die sich in den vergangenen 25 Jahren zunehmend in einer Krise befand, nicht l\u00f6sen wirdEs ist ein schwerer Fehler der Regierung, Bildung nicht als Investition zu betrachten und ihr die Finanzierung zu entziehenf\u00fcgte die Partei hinzu.<\/p>\n<p>Die Ungarische Liberale Partei erkl\u00e4rte in einer Erkl\u00e4rung, dass Fidesz das ungarische Bildungssystem absichtlich kappe, weil sie gehorsame Untertanen anstelle von selbstbewussten ungarischen B\u00fcrgern wolleDie Partei brachte ihre Unterst\u00fctzung f\u00fcr das Vorgehen der Lehrer zum Ausdruck.<\/p>\n<p><em>Foto: MTI \u2013 Tamas Kovacs<\/em><\/p>\n","protected":false},"excerpt":{"rendered":"<p>Budapest (MTI) \u2013 Lehrer veranstalteten am Samstag in Budapest eine Demonstration, um gegen den Haushalt 2015 und die geplante Reform des \u00f6ffentlichen Bildungswesens zu protestieren. Die Leiterin der Lehrergewerkschaft PSZ Piroska Gallo sagte den Protestierenden, die die Stra\u00dfe vor dem B\u00fcro des Staatssekret\u00e4rs f\u00fcr \u00f6ffentliches Bildungswesen f\u00fcllten, dass es, obwohl der 22. November der Tag [&hellip;]<\/p>\n","protected":false},"author":2,"featured_media":770623,"comment_status":"open","ping_status":"open","sticky":false,"template":"","format":"standard","meta":{"_acf_changed":false,"_display_image":"","footnotes":""},"categories":[1081],"tags":[1266],"class_list":["post-770622","post","type-post","status-publish","format-standard","has-post-thumbnail","hentry","category-politik","tag-demonstration"],"blocksy_meta":[],"acf":[],"author_username":"alk","telegram_post":"","public_post_metadata":{"breaking_news":"","important":"","csempe":"","center_tile":"","disable_thumbnail":"","target_lang":"","_featured_image_style":"","telegram_post":"","_xlat_group_id":""},"public_rank_math_data":{"title":"%title% %sep% %sitename%","description":"","focus_keyword":"","canonical_url":"","robots":"","primary_category":"1081","breadcrumb_title":"","facebook_title":"","facebook_description":"","facebook_image":"","facebook_image_id":"","twitter_title":"","twitter_description":"","twitter_image":"","twitter_image_id":"","twitter_card_type":"","twitter_use_facebook":"","advanced_robots":"","pillar_content":"","seo_score":"","contentai_score":"","rich_snippet":""},"_links":{"self":[{"href":"https:\/\/dailynewshungary.com\/de\/wp-json\/wp\/v2\/posts\/770622","targetHints":{"allow":["GET"]}}],"collection":[{"href":"https:\/\/dailynewshungary.com\/de\/wp-json\/wp\/v2\/posts"}],"about":[{"href":"https:\/\/dailynewshungary.com\/de\/wp-json\/wp\/v2\/types\/post"}],"author":[{"embeddable":true,"href":"https:\/\/dailynewshungary.com\/de\/wp-json\/wp\/v2\/users\/2"}],"replies":[{"embeddable":true,"href":"https:\/\/dailynewshungary.com\/de\/wp-json\/wp\/v2\/comments?post=770622"}],"version-history":[{"count":0,"href":"https:\/\/dailynewshungary.com\/de\/wp-json\/wp\/v2\/posts\/770622\/revisions"}],"wp:featuredmedia":[{"embeddable":true,"href":"https:\/\/dailynewshungary.com\/de\/wp-json\/wp\/v2\/media\/770623"}],"wp:attachment":[{"href":"https:\/\/dailynewshungary.com\/de\/wp-json\/wp\/v2\/media?parent=770622"}],"wp:term":[{"taxonomy":"category","embeddable":true,"href":"https:\/\/dailynewshungary.com\/de\/wp-json\/wp\/v2\/categories?post=770622"},{"taxonomy":"post_tag","embeddable":true,"href":"https:\/\/dailynewshungary.com\/de\/wp-json\/wp\/v2\/tags?post=770622"}],"curies":[{"name":"wp","href":"https:\/\/api.w.org\/{rel}","templated":true}]}}