{"id":770646,"date":"2014-11-21T11:18:15","date_gmt":"2014-11-21T10:18:15","guid":{"rendered":"https:\/\/dailynewshungary.com\/de\/poll-und-fidesz-unterstutzung-lasst-nach-mehr-wellenreiter\/"},"modified":"2014-11-21T11:18:15","modified_gmt":"2014-11-21T10:18:15","slug":"poll-und-fidesz-unterstutzung-lasst-nach-mehr-wellenreiter","status":"publish","type":"post","link":"https:\/\/dailynewshungary.com\/de\/poll-und-fidesz-unterstutzung-lasst-nach-mehr-wellenreiter\/","title":{"rendered":"POLL- und Fidesz-Unterst\u00fctzung l\u00e4sst nach, mehr Wellenreiter"},"content":{"rendered":"<p><strong>Budapest, 21. November (MTI) \u2013 Laut einem heute ver\u00f6ffentlichten Meinungsforscher Ipsos vom November ist die Unterst\u00fctzung f\u00fcr die Regierungspartei Fidesz im letzten Monat zur\u00fcckgegangen, w\u00e4hrend der Anteil der Wellenreiter in der W\u00e4hlerschaft gestiegen ist.<\/strong><\/p>\n<p>Das Lager der Fidesz-Gl\u00e4ubigen fiel von 35 Prozent aller W\u00e4hler Anfang Oktober auf 30 Prozent Anfang NovemberDie Opposition nutzte den Verlust der Regierungspartei jedoch kaum ausDie Sozialistische Partei verlor mit einer Unterst\u00fctzung von 11 Prozent einen Prozentpunkt, w\u00e4hrend die radikal-nationalistische Partei Jobbik einen Punkt gewann und 13 Prozent erreichte. Auch die Gr\u00fcnen-LMP legten einen Standpunkt auf 4 Prozent hin, w\u00e4hrend die linke Demokratische Koalition (DK) und die E-PM mit jeweils 2 Prozent rechnen konnten.<\/p>\n<p>Unter den entschiedenen W\u00e4hlern hatte Fidesz die R\u00fcckendeckung von 48 Prozent, nachdem er in einem Monat die Unterst\u00fctzung von 7 Prozent verloren hatte, dennoch behielt sie einen \u00fcberragenden Vorsprung vor den Oppositionsparteien, Jobbik hatte mit 21 Prozent die gr\u00f6\u00dfte aktive Unterst\u00fctzung, gefolgt von den Sozialisten mit 15 Prozent, LMP mit 6 Prozent und E-PM und DK mit 2 Prozent bzw.<\/p>\n<p>\u201cDie \u00c4nderungen der Parteipr\u00e4ferenzen wurden durch die Kommunalwahlen und Proteste in den letzten Wochen ausgel\u00f6st\u201d aber gr\u00f6\u00dftenteils zum Nachteil der Fidesz, sagte Ipsos in seinem BerichtW\u00e4hler, die sich daf\u00fcr entscheiden, Abstand zu politischen Parteien zu halten, wuchsen in der Folgezeit, f\u00fcgte es hinzu.<\/p>\n<p>Es f\u00fcgte hinzu, dass es sich bei den W\u00e4hlern, die sich von der Regierungspartei entfernten, haupts\u00e4chlich um junge Menschen mittleren Alters und der Mittelschicht handelte.<\/p>\n","protected":false},"excerpt":{"rendered":"<p>Budapest, 21. November (MTI) \u2013 Laut einem heute ver\u00f6ffentlichten Meinungsforscher Ipsos vom November ist die Unterst\u00fctzung f\u00fcr die Regierungspartei Fidesz im letzten Monat zur\u00fcckgegangen, w\u00e4hrend der Anteil der Wellenreiter in der W\u00e4hlerschaft gestiegen ist. Das Lager der Fidesz-Gl\u00e4ubigen fiel von 35 Prozent aller W\u00e4hler Anfang Oktober auf 30 Prozent Anfang NovemberDie Opposition nutzte den Verlust [&hellip;]<\/p>\n","protected":false},"author":2,"featured_media":770647,"comment_status":"open","ping_status":"open","sticky":false,"template":"","format":"standard","meta":{"_acf_changed":false,"_display_image":"","footnotes":""},"categories":[1081],"tags":[1091,1632,1873,1695],"class_list":["post-770646","post","type-post","status-publish","format-standard","has-post-thumbnail","hentry","category-politik","tag-fidesz","tag-jobbik","tag-lmp","tag-sozialisten"],"blocksy_meta":[],"acf":[],"author_username":"alk","telegram_post":"","public_post_metadata":{"breaking_news":"","important":"","csempe":"","center_tile":"","disable_thumbnail":"","target_lang":"","_featured_image_style":"","telegram_post":"","_xlat_group_id":""},"public_rank_math_data":{"title":"%title% %sep% %sitename%","description":"","focus_keyword":"","canonical_url":"","robots":"","primary_category":"1081","breadcrumb_title":"","facebook_title":"","facebook_description":"","facebook_image":"","facebook_image_id":"","twitter_title":"","twitter_description":"","twitter_image":"","twitter_image_id":"","twitter_card_type":"","twitter_use_facebook":"","advanced_robots":"","pillar_content":"","seo_score":"","contentai_score":"","rich_snippet":""},"_links":{"self":[{"href":"https:\/\/dailynewshungary.com\/de\/wp-json\/wp\/v2\/posts\/770646","targetHints":{"allow":["GET"]}}],"collection":[{"href":"https:\/\/dailynewshungary.com\/de\/wp-json\/wp\/v2\/posts"}],"about":[{"href":"https:\/\/dailynewshungary.com\/de\/wp-json\/wp\/v2\/types\/post"}],"author":[{"embeddable":true,"href":"https:\/\/dailynewshungary.com\/de\/wp-json\/wp\/v2\/users\/2"}],"replies":[{"embeddable":true,"href":"https:\/\/dailynewshungary.com\/de\/wp-json\/wp\/v2\/comments?post=770646"}],"version-history":[{"count":0,"href":"https:\/\/dailynewshungary.com\/de\/wp-json\/wp\/v2\/posts\/770646\/revisions"}],"wp:featuredmedia":[{"embeddable":true,"href":"https:\/\/dailynewshungary.com\/de\/wp-json\/wp\/v2\/media\/770647"}],"wp:attachment":[{"href":"https:\/\/dailynewshungary.com\/de\/wp-json\/wp\/v2\/media?parent=770646"}],"wp:term":[{"taxonomy":"category","embeddable":true,"href":"https:\/\/dailynewshungary.com\/de\/wp-json\/wp\/v2\/categories?post=770646"},{"taxonomy":"post_tag","embeddable":true,"href":"https:\/\/dailynewshungary.com\/de\/wp-json\/wp\/v2\/tags?post=770646"}],"curies":[{"name":"wp","href":"https:\/\/api.w.org\/{rel}","templated":true}]}}