{"id":770703,"date":"2014-11-16T22:24:31","date_gmt":"2014-11-16T21:24:31","guid":{"rendered":"https:\/\/dailynewshungary.com\/de\/einreiseverbot-lmp-fordert-orban-auf-aufzudecken-was-er-weis\/"},"modified":"2014-11-16T22:24:31","modified_gmt":"2014-11-16T21:24:31","slug":"einreiseverbot-lmp-fordert-orban-auf-aufzudecken-was-er-weis","status":"publish","type":"post","link":"https:\/\/dailynewshungary.com\/de\/einreiseverbot-lmp-fordert-orban-auf-aufzudecken-was-er-weis\/","title":{"rendered":"Einreiseverbot \u2013 LMP fordert Orban auf, aufzudecken, was er wei\u00df"},"content":{"rendered":"<p><strong>Budapest, 16. November (MTI) 6 Die oppositionelle LMP hat gefordert, dass der ungarische Premierminister offenlegen sollte, was er im Zusammenhang mit dem US-Einreiseverbot wei\u00df.<\/strong><\/p>\n<p>Andras Schiffer, der Co-Vorsitzende der Gr\u00fcnen, notierte am Sonntag auf einer Pressekonferenz, dass Viktor Orban der deutschen Zeitung Die Welt Anfang November mitgeteilt habe, er nehme Kritik an den Vereinigten Staaten ernst und alle damit zusammenh\u00e4ngenden Dokumente w\u00fcrden gepr\u00fcft.<\/p>\n<p>\u201cDas deutet eher darauf hin, dass der Premierminister immer noch etwas wei\u00df\u201d, sagte Schiffer und f\u00fcgte hinzu, dass er eine \u00f6ffentliche Informationsanfrage an Orban gestellt habeEr sollte angeben, in welchen F\u00e4llen mutma\u00dflicher Korruption US-Organisationen in den letzten vier Jahren Informationen bereitgestellt hatten Gem\u00e4\u00df den geltenden Vorschriften hat Orban 15 Tage Zeit, um die Anfrage zu beantworten.<\/p>\n<p>Schiffer sagte auch, er habe sich vor zehn Tagen an Andre Goodfriend, den US-Gesch\u00e4ftsf\u00fchrer, gewandt und gefragt, ob Informationen \u00fcber Straftaten, die Vorbereitung einer Straftat oder die Beteiligung an einer organisierten kriminellen Vereinigung im Zusammenhang mit den Personen, deren Einreise in die USA erfolgt, verf\u00fcgbar seien Die USA wurden k\u00fcrzlich eingeschr\u00e4nkt und ob diese Informationen den ungarischen Beh\u00f6rden \u00fcbermittelt wurden.<\/p>\n<p>Er wies darauf hin, dass die beiden L\u00e4nder seit 2008 ein Abkommen \u00fcber den Austausch krimineller Daten geschlossen h\u00e4tten.<\/p>\n","protected":false},"excerpt":{"rendered":"<p>Budapest, 16. November (MTI) 6 Die oppositionelle LMP hat gefordert, dass der ungarische Premierminister offenlegen sollte, was er im Zusammenhang mit dem US-Einreiseverbot wei\u00df. Andras Schiffer, der Co-Vorsitzende der Gr\u00fcnen, notierte am Sonntag auf einer Pressekonferenz, dass Viktor Orban der deutschen Zeitung Die Welt Anfang November mitgeteilt habe, er nehme Kritik an den Vereinigten Staaten [&hellip;]<\/p>\n","protected":false},"author":2,"featured_media":770704,"comment_status":"open","ping_status":"open","sticky":false,"template":"","format":"standard","meta":{"_acf_changed":false,"_display_image":"","footnotes":""},"categories":[1081],"tags":[1873],"class_list":["post-770703","post","type-post","status-publish","format-standard","has-post-thumbnail","hentry","category-politik","tag-lmp"],"blocksy_meta":[],"acf":[],"author_username":"alk","telegram_post":"","public_post_metadata":{"breaking_news":"","important":"","csempe":"","center_tile":"","disable_thumbnail":"","target_lang":"","_featured_image_style":"","telegram_post":"","_xlat_group_id":""},"public_rank_math_data":{"title":"%title% %sep% %sitename%","description":"","focus_keyword":"","canonical_url":"","robots":"","primary_category":"1081","breadcrumb_title":"","facebook_title":"","facebook_description":"","facebook_image":"","facebook_image_id":"","twitter_title":"","twitter_description":"","twitter_image":"","twitter_image_id":"","twitter_card_type":"","twitter_use_facebook":"","advanced_robots":"","pillar_content":"","seo_score":"","contentai_score":"","rich_snippet":""},"_links":{"self":[{"href":"https:\/\/dailynewshungary.com\/de\/wp-json\/wp\/v2\/posts\/770703","targetHints":{"allow":["GET"]}}],"collection":[{"href":"https:\/\/dailynewshungary.com\/de\/wp-json\/wp\/v2\/posts"}],"about":[{"href":"https:\/\/dailynewshungary.com\/de\/wp-json\/wp\/v2\/types\/post"}],"author":[{"embeddable":true,"href":"https:\/\/dailynewshungary.com\/de\/wp-json\/wp\/v2\/users\/2"}],"replies":[{"embeddable":true,"href":"https:\/\/dailynewshungary.com\/de\/wp-json\/wp\/v2\/comments?post=770703"}],"version-history":[{"count":0,"href":"https:\/\/dailynewshungary.com\/de\/wp-json\/wp\/v2\/posts\/770703\/revisions"}],"wp:featuredmedia":[{"embeddable":true,"href":"https:\/\/dailynewshungary.com\/de\/wp-json\/wp\/v2\/media\/770704"}],"wp:attachment":[{"href":"https:\/\/dailynewshungary.com\/de\/wp-json\/wp\/v2\/media?parent=770703"}],"wp:term":[{"taxonomy":"category","embeddable":true,"href":"https:\/\/dailynewshungary.com\/de\/wp-json\/wp\/v2\/categories?post=770703"},{"taxonomy":"post_tag","embeddable":true,"href":"https:\/\/dailynewshungary.com\/de\/wp-json\/wp\/v2\/tags?post=770703"}],"curies":[{"name":"wp","href":"https:\/\/api.w.org\/{rel}","templated":true}]}}