{"id":770725,"date":"2014-11-15T14:10:38","date_gmt":"2014-11-15T13:10:38","guid":{"rendered":"https:\/\/dailynewshungary.com\/de\/ungarn-habe-keinen-plan-die-kosovo-mission-auszuweiten-sagt-hende\/"},"modified":"2014-11-15T14:10:38","modified_gmt":"2014-11-15T13:10:38","slug":"ungarn-habe-keinen-plan-die-kosovo-mission-auszuweiten-sagt-hende","status":"publish","type":"post","link":"https:\/\/dailynewshungary.com\/de\/ungarn-habe-keinen-plan-die-kosovo-mission-auszuweiten-sagt-hende\/","title":{"rendered":"Ungarn habe keinen Plan, die Kosovo-Mission auszuweiten, sagt Hende"},"content":{"rendered":"<p><strong><span style=\"line-height: 1.5em;\">Pristina (MTI) \u2013 Ungarn habe nicht vor, die Zahl der Soldaten, die in der KFOR-Mission im Kosovo dienen, weiter zu erh\u00f6hen, sagte Verteidigungsministerin Csaba Hende am Freitag.<\/span><\/strong><\/p>\n<p>Anfang des Jahres wurde das ungarische Kontingent um 150 Soldaten verst\u00e4rkt.<\/p>\n<p>\u201cStabilit\u00e4t im Westbalkan ist das nationale Interesse Ungarns Aus diesem Grund wird unser Land durch eine bedeutende Truppe von etwa 500 Soldaten in den internationalen Friedensmissionen im Kosovo und in Bosnien-Herzegowina vertreten,\u201d sagte Hende, nachdem er ungarische Friedenstruppen bei einer Stabssitzung im Hauptquartier der KFOR in Pristina getroffen hatte.<\/p>\n<p><a href=\"https:\/\/dailynewshungary.com\/wp-content\/uploads\/2014\/11\/hungary-kosovo.jpg\" data-pswp-width=\"\" data-pswp-height=\"\" data-cropped=\"true\"><img loading=\"lazy\" decoding=\"async\" class=\"size-full wp-image-12017 aligncenter\" alt=\"Ungarn-kosowo\" src=\"https:\/\/dailynewshungary.com\/wp-content\/uploads\/2014\/11\/hungary-kosovo.jpg\" width=\"600\" height=\"399\" srcset=\"https:\/\/contentf5.dailynewshungary.com\/wp-content\/uploads\/2014\/11\/hungary-kosovo.jpg 600w, https:\/\/contentf5.dailynewshungary.com\/wp-content\/uploads\/2014\/11\/hungary-kosovo-300x200.jpg 300w\" sizes=\"auto, (max-width: 600px) 100vw, 600px\"><\/a><\/p>\n<p>Er sagte, dass Ungarn nach dem Abzug aus Afghanistan seine Streitkr\u00e4fte neu verteilt habe, um sein Kontingent im Kosovo zu verst\u00e4rken.<\/p>\n<blockquote>\n<p>\u201cDas ungarische Kontingent ist das f\u00fcnftgr\u00f6\u00dfte innerhalb der KFOR und das drittgr\u00f6\u00dfte in Bosnien-Herzegowina\u201d, sagte Hende.<\/p>\n<\/blockquote>\n<p>\u201cAll dies zeigt, dass Ungarn der Region gro\u00dfe Bedeutung beimisst. \u201eFehlen von Frieden und Sicherheit im Westbalkan w\u00fcrde Europa mit einer Flut von Fl\u00fcchtlingen, illegaler Migration und organisierter Kriminalit\u00e4t bedrohen\u201csagte er\u201d.<\/p>\n<p>Im Rahmen der NATO, der EU und der Vereinten Nationen sei Ungarn an Friedensmissionen in zehn L\u00e4ndern auf der ganzen Welt beteiligt, f\u00fcgte Hende hinzu.<\/p>\n<p>Mehr als 700 ungarische Friedenstruppen dienen in Auslandseins\u00e4tzen, davon 350 in der KFOR-Mission der NATO und fast 150 in der von der EU verwalteten EUFOR ALTHEA-Mission in Bosnien-Herzegowina.<\/p>\n<p>Hende besucht zwischen dem 14. und 16. November die ungarischen Friedenstruppen im Kosovo und in Bosnien-Herzegowina.<\/p>\n<p><em>Foto: MTI \u2013 Szilard Koszticsak<\/em><\/p>\n","protected":false},"excerpt":{"rendered":"<p>Pristina (MTI) \u2013 Ungarn habe nicht vor, die Zahl der Soldaten, die in der KFOR-Mission im Kosovo dienen, weiter zu erh\u00f6hen, sagte Verteidigungsministerin Csaba Hende am Freitag. Anfang des Jahres wurde das ungarische Kontingent um 150 Soldaten verst\u00e4rkt. \u201cStabilit\u00e4t im Westbalkan ist das nationale Interesse Ungarns Aus diesem Grund wird unser Land durch eine bedeutende [&hellip;]<\/p>\n","protected":false},"author":2,"featured_media":770726,"comment_status":"open","ping_status":"open","sticky":false,"template":"","format":"standard","meta":{"_acf_changed":false,"_display_image":"","footnotes":""},"categories":[1081],"tags":[1203],"class_list":["post-770725","post","type-post","status-publish","format-standard","has-post-thumbnail","hentry","category-politik","tag-armee"],"blocksy_meta":[],"acf":[],"author_username":"alk","telegram_post":"","public_post_metadata":{"breaking_news":"","important":"","csempe":"","center_tile":"","disable_thumbnail":"","target_lang":"","_featured_image_style":"","telegram_post":"","_xlat_group_id":""},"public_rank_math_data":{"title":"%title% %sep% %sitename%","description":"","focus_keyword":"","canonical_url":"","robots":"","primary_category":"1081","breadcrumb_title":"","facebook_title":"","facebook_description":"","facebook_image":"","facebook_image_id":"","twitter_title":"","twitter_description":"","twitter_image":"","twitter_image_id":"","twitter_card_type":"","twitter_use_facebook":"","advanced_robots":"","pillar_content":"","seo_score":"","contentai_score":"","rich_snippet":""},"_links":{"self":[{"href":"https:\/\/dailynewshungary.com\/de\/wp-json\/wp\/v2\/posts\/770725","targetHints":{"allow":["GET"]}}],"collection":[{"href":"https:\/\/dailynewshungary.com\/de\/wp-json\/wp\/v2\/posts"}],"about":[{"href":"https:\/\/dailynewshungary.com\/de\/wp-json\/wp\/v2\/types\/post"}],"author":[{"embeddable":true,"href":"https:\/\/dailynewshungary.com\/de\/wp-json\/wp\/v2\/users\/2"}],"replies":[{"embeddable":true,"href":"https:\/\/dailynewshungary.com\/de\/wp-json\/wp\/v2\/comments?post=770725"}],"version-history":[{"count":0,"href":"https:\/\/dailynewshungary.com\/de\/wp-json\/wp\/v2\/posts\/770725\/revisions"}],"wp:featuredmedia":[{"embeddable":true,"href":"https:\/\/dailynewshungary.com\/de\/wp-json\/wp\/v2\/media\/770726"}],"wp:attachment":[{"href":"https:\/\/dailynewshungary.com\/de\/wp-json\/wp\/v2\/media?parent=770725"}],"wp:term":[{"taxonomy":"category","embeddable":true,"href":"https:\/\/dailynewshungary.com\/de\/wp-json\/wp\/v2\/categories?post=770725"},{"taxonomy":"post_tag","embeddable":true,"href":"https:\/\/dailynewshungary.com\/de\/wp-json\/wp\/v2\/tags?post=770725"}],"curies":[{"name":"wp","href":"https:\/\/api.w.org\/{rel}","templated":true}]}}