{"id":770741,"date":"2014-11-14T09:50:28","date_gmt":"2014-11-14T08:50:28","guid":{"rendered":"https:\/\/dailynewshungary.com\/de\/us-einreiseverbot-chaotisch-sagt-orban\/"},"modified":"2014-11-14T09:50:28","modified_gmt":"2014-11-14T08:50:28","slug":"us-einreiseverbot-chaotisch-sagt-orban","status":"publish","type":"post","link":"https:\/\/dailynewshungary.com\/de\/us-einreiseverbot-chaotisch-sagt-orban\/","title":{"rendered":"US-Einreiseverbot \u201cchaotisch\u201d, sagt Orban"},"content":{"rendered":"<p><strong>Budapest, 14. November (MTI) \u2013 Das Thema rund um das Einreiseverbot der Vereinigten Staaten verliert an Gier und \u201cdas Ganze wird immer chaotischer\u201d, sagte Premierminister Viktor Orban am Freitag gegen\u00fcber dem \u00f6ffentlich zug\u00e4nglichen Kossuth Radio.<\/strong><\/p>\n<p>Bezugnehmend auf ein Dokument, das die Regierung von der US-Botschaft in Budapest erhalten hatte, sagte Orban, es sei nur \u201cein Fetzen Papier\u201d ohne Stempel oder Unterschrift, das eine \u201cunstrukturierte Sammlung von Anschuldigungen, die wir in den letzten vier Jahren von der Opposition geh\u00f6rt haben\u201d enthalte. Das Dokument erscheine \u201cals wolle uns jemand vor den Wahlen in die politische Situation zur\u00fcckzerren\u201d, f\u00fcgte er hinzu.<\/p>\n<blockquote>\n<p>\u201cMan nimmt die Kritik von Freunden ernst&#8230; aber jetzt wird es immer schwieriger\u201d, sagte Orban und meinte, dass die Behandlung der Angelegenheit Zeitverschwendung sei. Er f\u00fcgte au\u00dferdem hinzu, dass \u201ejeder Botschafter, der einer Regierung so ein Papier vorlegt, am n\u00e4chsten Tag von seinem Posten zur\u00fcckgezogen werden sollte.\u201c\u201d.<\/p>\n<\/blockquote>\n<p>Bez\u00fcglich der Chef der Steuerbeh\u00f6rde NAV Ildiko Vida, die von dem US-Verbot betroffen ist, sagte Orban, dass er selbst bei einem R\u00fccktrittsantrag \u201czweimal nachdenken\u201d w\u00fcrde, bevor er es annehme, sonst w\u00fcrde es als Pr\u00e4zedenzfall f\u00fcr die Absetzung eines Beamten dienen der Vorwurf eines fremden Landes ohne jegliche BeweiseDas w\u00fcrde die Souver\u00e4nit\u00e4t Ungarns in Frage stellen, sagte Orban und f\u00fcgte hinzu, dass der Premierminister keinen einzigen Ungarn ungesch\u00fctzt lassen d\u00fcrfe.<\/p>\n<p>Orban sagte, es liege in seiner Verantwortung, die Operationen der Steuerbeh\u00f6rde mit ihrer derzeitigen F\u00fchrung zu \u201cstabilisieren\u201d. Er sagte, dass diese Operationen nicht \u201cdurch R\u00fccktritte oder unbegr\u00fcndete Angriffe auf NAV\u201d gest\u00f6rt werden d\u00fcrften, sonst \u201ck\u00f6nnten die Finanzen des Landes st\u00fcrzen\u201d.<\/p>\n<p>Zu den Vorw\u00fcrfen von Mehrwertsteuerbetrugsf\u00e4llen sagte Orban, dass \u201ees offensichtlich ist\u201cdass es einen solchen Missbrauch gibt, dass der Zentralhaushalt immer mehr Mehrwertsteuer erhebt, was zur Haushaltsstabilit\u00e4t des Landes beitr\u00e4gt.<\/p>\n<p><a href=\"https:\/\/dailynewshungary.com\/wp-content\/uploads\/2014\/11\/orban-radio-hungary.jpg\" data-pswp-width=\"\" data-pswp-height=\"\" data-cropped=\"true\"><img loading=\"lazy\" decoding=\"async\" class=\"size-full wp-image-11974 aligncenter\" alt=\"orban-radioungarisch\" src=\"https:\/\/dailynewshungary.com\/wp-content\/uploads\/2014\/11\/orban-radio-hungary.jpg\" width=\"600\" height=\"399\" srcset=\"https:\/\/contentf5.dailynewshungary.com\/wp-content\/uploads\/2014\/11\/orban-radio-hungary.jpg 600w, https:\/\/contentf5.dailynewshungary.com\/wp-content\/uploads\/2014\/11\/orban-radio-hungary-300x200.jpg 300w\" sizes=\"auto, (max-width: 600px) 100vw, 600px\"><\/a><\/p>\n<p>Orban antwortete auf eine Frage, ob das Einreiseverbot im Lichte des Widerstands zwischen Russland und dem Westen ausgelegt werden sollte, und sagte, dass \u201eobwohl es logisch klingen mag, ist es eine gef\u00e4hrliche Annahme\u201cEr sagte, es w\u00fcrde vorschlagen, \u201enicht weniger als ein gr\u00f6\u00dferes Land, das eine Verleumdungskampagne gegen Einzelpersonen eines kleineren Landes startet, um dessen Politik zu beeinflussen\u201d. \u201eDas w\u00e4re eine so schwerwiegende Anklage gegen die Vereinigten Staaten, dass ich mich weigern w\u00fcrde, dar\u00fcber nachzudenken,\u201cf\u00fcgte Orban hinzu.<\/p>\n<blockquote>\n<p>\u201cWir sind ein Verb\u00fcndeter und ein Freund der USA, und ich w\u00fcrde es nicht wagen, den USA vorzuwerfen, dass sie eine Verleumdungskampagne gegen unschuldige B\u00fcrger eines anderen Landes f\u00fchren, nur aus wirtschaftlichen Gr\u00fcnden\u201d, sagte Orban in seinem Interview.<\/p>\n<\/blockquote>\n<p>Orban wiederholte die fr\u00fchere Position der Regierung und brachte seine Unterst\u00fctzung f\u00fcr das South Stream-Gaspipeline-Projekt und die Modernisierung des ungarischen Kernkraftwerks Paks in Zusammenarbeit mit Russland zum Ausdruck.<\/p>\n<p><em>Foto: MTI \u2013 Lajos Soos<\/em><\/p>\n","protected":false},"excerpt":{"rendered":"<p>Budapest, 14. November (MTI) \u2013 Das Thema rund um das Einreiseverbot der Vereinigten Staaten verliert an Gier und \u201cdas Ganze wird immer chaotischer\u201d, sagte Premierminister Viktor Orban am Freitag gegen\u00fcber dem \u00f6ffentlich zug\u00e4nglichen Kossuth Radio. Bezugnehmend auf ein Dokument, das die Regierung von der US-Botschaft in Budapest erhalten hatte, sagte Orban, es sei nur \u201cein [&hellip;]<\/p>\n","protected":false},"author":2,"featured_media":770742,"comment_status":"open","ping_status":"open","sticky":false,"template":"","format":"standard","meta":{"_acf_changed":false,"_display_image":"","footnotes":""},"categories":[1081],"tags":[1577,1128],"class_list":["post-770741","post","type-post","status-publish","format-standard","has-post-thumbnail","hentry","category-politik","tag-vereinigten-staaten","tag-viktor-orban"],"blocksy_meta":[],"acf":[],"author_username":"alk","telegram_post":"","public_post_metadata":{"breaking_news":"","important":"","csempe":"","center_tile":"","disable_thumbnail":"","target_lang":"","_featured_image_style":"","telegram_post":"","_xlat_group_id":""},"public_rank_math_data":{"title":"%title% %sep% %sitename%","description":"","focus_keyword":"","canonical_url":"","robots":"","primary_category":"1081","breadcrumb_title":"","facebook_title":"","facebook_description":"","facebook_image":"","facebook_image_id":"","twitter_title":"","twitter_description":"","twitter_image":"","twitter_image_id":"","twitter_card_type":"","twitter_use_facebook":"","advanced_robots":"","pillar_content":"","seo_score":"","contentai_score":"","rich_snippet":""},"_links":{"self":[{"href":"https:\/\/dailynewshungary.com\/de\/wp-json\/wp\/v2\/posts\/770741","targetHints":{"allow":["GET"]}}],"collection":[{"href":"https:\/\/dailynewshungary.com\/de\/wp-json\/wp\/v2\/posts"}],"about":[{"href":"https:\/\/dailynewshungary.com\/de\/wp-json\/wp\/v2\/types\/post"}],"author":[{"embeddable":true,"href":"https:\/\/dailynewshungary.com\/de\/wp-json\/wp\/v2\/users\/2"}],"replies":[{"embeddable":true,"href":"https:\/\/dailynewshungary.com\/de\/wp-json\/wp\/v2\/comments?post=770741"}],"version-history":[{"count":0,"href":"https:\/\/dailynewshungary.com\/de\/wp-json\/wp\/v2\/posts\/770741\/revisions"}],"wp:featuredmedia":[{"embeddable":true,"href":"https:\/\/dailynewshungary.com\/de\/wp-json\/wp\/v2\/media\/770742"}],"wp:attachment":[{"href":"https:\/\/dailynewshungary.com\/de\/wp-json\/wp\/v2\/media?parent=770741"}],"wp:term":[{"taxonomy":"category","embeddable":true,"href":"https:\/\/dailynewshungary.com\/de\/wp-json\/wp\/v2\/categories?post=770741"},{"taxonomy":"post_tag","embeddable":true,"href":"https:\/\/dailynewshungary.com\/de\/wp-json\/wp\/v2\/tags?post=770741"}],"curies":[{"name":"wp","href":"https:\/\/api.w.org\/{rel}","templated":true}]}}