{"id":770759,"date":"2014-11-12T21:33:56","date_gmt":"2014-11-12T20:33:56","guid":{"rendered":"https:\/\/dailynewshungary.com\/de\/sozialarbeiter-protestieren-fur-bessere-bezahlung\/"},"modified":"2014-11-12T21:33:56","modified_gmt":"2014-11-12T20:33:56","slug":"sozialarbeiter-protestieren-fur-bessere-bezahlung","status":"publish","type":"post","link":"https:\/\/dailynewshungary.com\/de\/sozialarbeiter-protestieren-fur-bessere-bezahlung\/","title":{"rendered":"Sozialarbeiter protestieren f\u00fcr bessere Bezahlung"},"content":{"rendered":"<p><strong>Budapest, 12. November (MTI) 2 Gewerkschaften, die Sozialarbeiter vertreten, veranstalteten am Mittwochabend in Budapest eine Demonstration und dr\u00e4ngten auf h\u00f6here L\u00f6hne.<\/strong><\/p>\n<p>Redner, die sich an die Demonstranten wandten, forderten die Einf\u00fchrung eines neuen Karrieremodells in den Bereichen Sozialarbeit ab 2016 und neue Gehaltsstufen ab Januar 2015. Eine Petition mit Forderungen wurde an einen Vertreter des Premierministers \u00fcbergeben.<\/p>\n<p>Eine Mehrheit der Arbeitnehmer im sozialen Sektor nehme den Mindestlohn oder etwa diesen Betrag mit nach Hause und k\u00f6nne ihren Lebensunterhalt nicht bestreiten, sagte Julia Leksz Toth, Mitglied des Lenkungsausschusses der Union der Sozialarbeiter. Sie sagte, die Mitarbeiter seien bereit, einen landesweiten Streik anzuk\u00fcndigen, wenn ihre Forderungen nicht erf\u00fcllt w\u00fcrden.<\/p>\n<p>Laszlo Kiss, Vorsitzender der Unabh\u00e4ngigen Union der Besch\u00e4ftigten im Gesundheitswesen, sagte, dass im Haushalt 2015 rund 27-30 Milliarden Forint (88-98 Mio. EUR) f\u00fcr die Erh\u00f6hung der L\u00f6hne in diesem Sektor vorgesehen werden sollten.<\/p>\n<p>Demonstranten marschierten vom Geb\u00e4ude des Personalministeriums in der Stra\u00dfe der Akademia zum Parlament und skandierten regierungsfeindliche Parolen. Sie betonten, dass ihre Geh\u00e4lter seit 2008 nicht gestiegen seien und dass sie von den Regierungen sowohl auf der rechten als auch auf der linken Seite entt\u00e4uscht worden seien.<\/p>\n<p><em>Foto: MTI \u2013 Balazs Mohai<\/em><\/p>\n","protected":false},"excerpt":{"rendered":"<p>Budapest, 12. November (MTI) 2 Gewerkschaften, die Sozialarbeiter vertreten, veranstalteten am Mittwochabend in Budapest eine Demonstration und dr\u00e4ngten auf h\u00f6here L\u00f6hne. Redner, die sich an die Demonstranten wandten, forderten die Einf\u00fchrung eines neuen Karrieremodells in den Bereichen Sozialarbeit ab 2016 und neue Gehaltsstufen ab Januar 2015. Eine Petition mit Forderungen wurde an einen Vertreter des [&hellip;]<\/p>\n","protected":false},"author":2,"featured_media":770760,"comment_status":"open","ping_status":"open","sticky":false,"template":"","format":"standard","meta":{"_acf_changed":false,"_display_image":"","footnotes":""},"categories":[1081],"tags":[1266],"class_list":["post-770759","post","type-post","status-publish","format-standard","has-post-thumbnail","hentry","category-politik","tag-demonstration"],"blocksy_meta":[],"acf":[],"author_username":"alk","telegram_post":"","public_post_metadata":{"breaking_news":"","important":"","csempe":"","center_tile":"","disable_thumbnail":"","target_lang":"","_featured_image_style":"","telegram_post":"","_xlat_group_id":""},"public_rank_math_data":{"title":"%title% %sep% %sitename%","description":"","focus_keyword":"","canonical_url":"","robots":"","primary_category":"1081","breadcrumb_title":"","facebook_title":"","facebook_description":"","facebook_image":"","facebook_image_id":"","twitter_title":"","twitter_description":"","twitter_image":"","twitter_image_id":"","twitter_card_type":"","twitter_use_facebook":"","advanced_robots":"","pillar_content":"","seo_score":"","contentai_score":"","rich_snippet":""},"_links":{"self":[{"href":"https:\/\/dailynewshungary.com\/de\/wp-json\/wp\/v2\/posts\/770759","targetHints":{"allow":["GET"]}}],"collection":[{"href":"https:\/\/dailynewshungary.com\/de\/wp-json\/wp\/v2\/posts"}],"about":[{"href":"https:\/\/dailynewshungary.com\/de\/wp-json\/wp\/v2\/types\/post"}],"author":[{"embeddable":true,"href":"https:\/\/dailynewshungary.com\/de\/wp-json\/wp\/v2\/users\/2"}],"replies":[{"embeddable":true,"href":"https:\/\/dailynewshungary.com\/de\/wp-json\/wp\/v2\/comments?post=770759"}],"version-history":[{"count":0,"href":"https:\/\/dailynewshungary.com\/de\/wp-json\/wp\/v2\/posts\/770759\/revisions"}],"wp:featuredmedia":[{"embeddable":true,"href":"https:\/\/dailynewshungary.com\/de\/wp-json\/wp\/v2\/media\/770760"}],"wp:attachment":[{"href":"https:\/\/dailynewshungary.com\/de\/wp-json\/wp\/v2\/media?parent=770759"}],"wp:term":[{"taxonomy":"category","embeddable":true,"href":"https:\/\/dailynewshungary.com\/de\/wp-json\/wp\/v2\/categories?post=770759"},{"taxonomy":"post_tag","embeddable":true,"href":"https:\/\/dailynewshungary.com\/de\/wp-json\/wp\/v2\/tags?post=770759"}],"curies":[{"name":"wp","href":"https:\/\/api.w.org\/{rel}","templated":true}]}}