{"id":770777,"date":"2014-11-11T18:10:39","date_gmt":"2014-11-11T17:10:39","guid":{"rendered":"https:\/\/dailynewshungary.com\/de\/ungarisch-aserbaidschanisches-wirtschaftsforum-mit-premierminister-orban-und-prasident-aliyev\/"},"modified":"2014-11-11T18:10:39","modified_gmt":"2014-11-11T17:10:39","slug":"ungarisch-aserbaidschanisches-wirtschaftsforum-mit-premierminister-orban-und-prasident-aliyev","status":"publish","type":"post","link":"https:\/\/dailynewshungary.com\/de\/ungarisch-aserbaidschanisches-wirtschaftsforum-mit-premierminister-orban-und-prasident-aliyev\/","title":{"rendered":"Ungarisch-aserbaidschanisches Wirtschaftsforum mit Premierminister Orban und Pr\u00e4sident Aliyev"},"content":{"rendered":"<p><strong>Budapest, 11. November (MTI) \u2013 Nur die L\u00e4nder, die ihre Interessen klar zum Ausdruck bringen und verwirklichen, werden erfolgreich sein, sagte Premierminister Viktor Orban heute auf einem ungarisch-aserbaidschanischen Wirtschaftsforum.<\/strong><\/p>\n<p><a href=\"https:\/\/dailynewshungary.com\/wp-content\/uploads\/2014\/11\/Download-22.jpg\" data-pswp-width=\"\" data-pswp-height=\"\" data-cropped=\"true\"><img loading=\"lazy\" decoding=\"async\" class=\" wp-image-11917 aligncenter\" src=\"https:\/\/dailynewshungary.com\/wp-content\/uploads\/2014\/11\/Download-22.jpg\" alt=\"Herunterladen (22)\" width=\"400\" height=\"461\" srcset=\"https:\/\/contentf5.dailynewshungary.com\/wp-content\/uploads\/2014\/11\/Download-22.jpg 521w, https:\/\/contentf5.dailynewshungary.com\/wp-content\/uploads\/2014\/11\/Download-22-260x300.jpg 260w\" sizes=\"auto, (max-width: 400px) 100vw, 400px\"><\/a><\/p>\n<p>L\u00e4nder, die \u00fcber eigene politische Systeme verf\u00fcgen, seien es ein Pr\u00e4sidialsystem oder ein parlamentarisches System, ein einziges, das ihren Gemeinschaften eine klare politische F\u00fchrung verleiht, sagte er. Trotz der Unterschiede zwischen Aserbaidschan und Ungarn gibt es klare Strategien, die beide in die richtige Richtung lenken, f\u00fcgte er hinzu.<\/p>\n<p>Ilham Aliyev, der aserbaidschanische Pr\u00e4sident, dr\u00fcckte seine Wertsch\u00e4tzung f\u00fcr Ungarn aus, das seiner Meinung nach seine nationalen Interessen verteidigte und eine unabh\u00e4ngige und souver\u00e4ne Politik verfolgte.<\/p>\n<p><em>Foto: MTI \u2013 Zoltan Mathe<\/em><\/p>\n","protected":false},"excerpt":{"rendered":"<p>Budapest, 11. November (MTI) \u2013 Nur die L\u00e4nder, die ihre Interessen klar zum Ausdruck bringen und verwirklichen, werden erfolgreich sein, sagte Premierminister Viktor Orban heute auf einem ungarisch-aserbaidschanischen Wirtschaftsforum. L\u00e4nder, die \u00fcber eigene politische Systeme verf\u00fcgen, seien es ein Pr\u00e4sidialsystem oder ein parlamentarisches System, ein einziges, das ihren Gemeinschaften eine klare politische F\u00fchrung verleiht, sagte [&hellip;]<\/p>\n","protected":false},"author":2,"featured_media":0,"comment_status":"open","ping_status":"open","sticky":false,"template":"","format":"standard","meta":{"_acf_changed":false,"_display_image":"","footnotes":""},"categories":[1281],"tags":[1237,2344,1128],"class_list":["post-770777","post","type-post","status-publish","format-standard","hentry","category-geschaft","tag-aserbaidschan","tag-besuchen-sie","tag-viktor-orban"],"blocksy_meta":[],"acf":[],"author_username":"alk","telegram_post":"","public_post_metadata":{"breaking_news":"","important":"","csempe":"","center_tile":"","disable_thumbnail":"","target_lang":"","_featured_image_style":"","telegram_post":"","_xlat_group_id":""},"public_rank_math_data":{"title":"%title% %sep% %sitename%","description":"","focus_keyword":"","canonical_url":"","robots":"","primary_category":"1281","breadcrumb_title":"","facebook_title":"","facebook_description":"","facebook_image":"","facebook_image_id":"","twitter_title":"","twitter_description":"","twitter_image":"","twitter_image_id":"","twitter_card_type":"","twitter_use_facebook":"","advanced_robots":"","pillar_content":"","seo_score":"","contentai_score":"","rich_snippet":""},"_links":{"self":[{"href":"https:\/\/dailynewshungary.com\/de\/wp-json\/wp\/v2\/posts\/770777","targetHints":{"allow":["GET"]}}],"collection":[{"href":"https:\/\/dailynewshungary.com\/de\/wp-json\/wp\/v2\/posts"}],"about":[{"href":"https:\/\/dailynewshungary.com\/de\/wp-json\/wp\/v2\/types\/post"}],"author":[{"embeddable":true,"href":"https:\/\/dailynewshungary.com\/de\/wp-json\/wp\/v2\/users\/2"}],"replies":[{"embeddable":true,"href":"https:\/\/dailynewshungary.com\/de\/wp-json\/wp\/v2\/comments?post=770777"}],"version-history":[{"count":0,"href":"https:\/\/dailynewshungary.com\/de\/wp-json\/wp\/v2\/posts\/770777\/revisions"}],"wp:attachment":[{"href":"https:\/\/dailynewshungary.com\/de\/wp-json\/wp\/v2\/media?parent=770777"}],"wp:term":[{"taxonomy":"category","embeddable":true,"href":"https:\/\/dailynewshungary.com\/de\/wp-json\/wp\/v2\/categories?post=770777"},{"taxonomy":"post_tag","embeddable":true,"href":"https:\/\/dailynewshungary.com\/de\/wp-json\/wp\/v2\/tags?post=770777"}],"curies":[{"name":"wp","href":"https:\/\/api.w.org\/{rel}","templated":true}]}}